{"id":9889,"date":"2023-04-12T18:10:59","date_gmt":"2023-04-12T16:10:59","guid":{"rendered":"http:\/\/referendarrat-sh.de\/?p=9889"},"modified":"2023-04-13T06:55:10","modified_gmt":"2023-04-13T04:55:10","slug":"stammtisch-des-forums-junge-anwaltschaft-am-02-05-2023-in-luebeck","status":"publish","type":"post","link":"http:\/\/referendarrat-sh.de\/?p=9889","title":{"rendered":"Stammtisch des FORUMS Junge Anwaltschaft am 02.05.2023 in L\u00fcbeck"},"content":{"rendered":"<p>Das <strong>FORUM Junge Anwaltschaft<\/strong> ist eine Arbeitsgemeinschaft des Deutschen Anwaltsverein f\u00fcr junge Juristen. Entgegen der Bezeichnung sind jedoch nicht nur Berufstr\u00e4ger willkommen, sondern <strong>jeder, der bereits das erste Staatsexamen abgelegt hat<\/strong> <strong>und das 45. Lebensjahr noch nicht vollendet<\/strong> hat.<\/p>\n<p>Beabsichtigt ist die <strong>Etablierung eines regelm\u00e4\u00dfigen Stammtisches<\/strong> mit den Kollegen unseres Landgerichtsbezirkes. Dies erm\u00f6glicht einen regen Austausch \u00fcber die allt\u00e4glichen Probleme im Berufsleben, aber auch \u00fcber vermeintliche Schwierigkeiten zum Berufseinstieg (z.B. wie gehe ich mit dem Versorgungswerk um? Wie beantrage ich die Zulassung zur Rechtsanwaltschaft? Wie l\u00e4uft eine Vereidigung ab?), sowie das Kennenlernen der Kollegen au\u00dferhalb des Gerichtssaals in ungezwungener Atmosph\u00e4re.<\/p>\n<p>Der <strong>erste Stammtisch<\/strong> wird <strong>am 02.05.2023 um 19 Uhr im Caf\u00e9 und Bar Celona in L\u00fcbeck<\/strong> am Hafen stattfinden. Um eine <strong>Anmeldung<\/strong> an <strong><a href=\"mailto:info@christoph-meise-schmidt.de\">info@christoph-meise-schmidt.de<\/a><\/strong>\u00a0wird gebeten.<\/p>\n","protected":false},"excerpt":{"rendered":"<p>Das FORUM Junge Anwaltschaft ist eine Arbeitsgemeinschaft des Deutschen Anwaltsverein f\u00fcr junge Juristen. Entgegen der Bezeichnung sind jedoch nicht nur Berufstr\u00e4ger willkommen, sondern jeder, der bereits das erste Staatsexamen abgelegt hat und das 45. Lebensjahr noch nicht vollendet hat. Beabsichtigt &hellip; <a href=\"http:\/\/referendarrat-sh.de\/?p=9889\">Weiterlesen <span class=\"meta-nav\">&rarr;<\/span><\/a><\/p>\n","protected":false},"author":1,"featured_media":0,"comment_status":"closed","ping_status":"closed","sticky":false,"template":"","format":"standard","meta":{"footnotes":""},"categories":[5,41],"tags":[],"class_list":["post-9889","post","type-post","status-publish","format-standard","hentry","category-externe-angebote-veranstaltungen-und-mitteilungen","category-offizielle-veranstaltungen-und-mitteilungen"],"_links":{"self":[{"href":"http:\/\/referendarrat-sh.de\/index.php?rest_route=\/wp\/v2\/posts\/9889","targetHints":{"allow":["GET"]}}],"collection":[{"href":"http:\/\/referendarrat-sh.de\/index.php?rest_route=\/wp\/v2\/posts"}],"about":[{"href":"http:\/\/referendarrat-sh.de\/index.php?rest_route=\/wp\/v2\/types\/post"}],"author":[{"embeddable":true,"href":"http:\/\/referendarrat-sh.de\/index.php?rest_route=\/wp\/v2\/users\/1"}],"replies":[{"embeddable":true,"href":"http:\/\/referendarrat-sh.de\/index.php?rest_route=%2Fwp%2Fv2%2Fcomments&post=9889"}],"version-history":[{"count":2,"href":"http:\/\/referendarrat-sh.de\/index.php?rest_route=\/wp\/v2\/posts\/9889\/revisions"}],"predecessor-version":[{"id":9894,"href":"http:\/\/referendarrat-sh.de\/index.php?rest_route=\/wp\/v2\/posts\/9889\/revisions\/9894"}],"wp:attachment":[{"href":"http:\/\/referendarrat-sh.de\/index.php?rest_route=%2Fwp%2Fv2%2Fmedia&parent=9889"}],"wp:term":[{"taxonomy":"category","embeddable":true,"href":"http:\/\/referendarrat-sh.de\/index.php?rest_route=%2Fwp%2Fv2%2Fcategories&post=9889"},{"taxonomy":"post_tag","embeddable":true,"href":"http:\/\/referendarrat-sh.de\/index.php?rest_route=%2Fwp%2Fv2%2Ftags&post=9889"}],"curies":[{"name":"wp","href":"https:\/\/api.w.org\/{rel}","templated":true}]}}