{"id":9862,"date":"2023-04-04T17:30:58","date_gmt":"2023-04-04T15:30:58","guid":{"rendered":"http:\/\/referendarrat-sh.de\/?p=9862"},"modified":"2023-04-04T17:40:43","modified_gmt":"2023-04-04T15:40:43","slug":"fortbildungsveranstaltung-des-olg-zum-thema-wirksam-und-leicht-kommunizieren-fuer-sicherheit-und-souveraenitaet-im-referendariat-und-in-den-pruefungen-jetzt-noch-schnell-bewerben","status":"publish","type":"post","link":"http:\/\/referendarrat-sh.de\/?p=9862","title":{"rendered":"Jetzt noch schnell anmelden: Fortbildungsveranstaltung des OLG zum Thema \u201eWirksam und leicht kommunizieren f\u00fcr Sicherheit und Souver\u00e4nit\u00e4t im Referendariat und in den Pr\u00fcfungen\u201c"},"content":{"rendered":"<p>Am <strong>23. und 24. Mai 2023<\/strong> veranstaltet das OLG Schleswig eine Fortbildungsveranstaltung zum Thema \u201e<strong>Wirksam und leicht kommunizieren f\u00fcr Sicherheit und Souver\u00e4nit\u00e4t im Referendariat und in den Pr\u00fcfungen \u2013 ein Workshop f\u00fcr Rechtsreferendarinnen und Rechtsreferendare<\/strong>\u201c in Malente.<\/p>\n<p>Die Veranstaltung richtet sich vor allem an Referendarinnen und Referendare des Landes Schleswig-Holstein, die am Beginn ihrer Ausbildung stehen.<\/p>\n<p><strong>Es sind derzeit noch ein paar Restpl\u00e4tze frei.<\/strong> Eine <strong>Anmeldung<\/strong> ist daher noch&nbsp;<strong>bis zum 28. April 2023<\/strong> m\u00f6glich.<\/p>\n<p>Weitere Informationen gibt es in dem beigef\u00fcgten Anschreiben sowie der Ausschreibung des Workshops.<\/p>\n<p><a href=\"http:\/\/referendarrat-sh.de\/wp-content\/uploads\/2023\/01\/Anschreiben_Ausschreibung-an-Referendare.docx\"><strong>Anschreiben<\/strong><\/a><\/p>\n<p><a href=\"http:\/\/referendarrat-sh.de\/wp-content\/uploads\/2023\/01\/Rechtsreferendare-Kommunikation_2023_05_24-23-Malente.docx.pdf\"><strong>Ausschreibung<\/strong><\/a><\/p>\n","protected":false},"excerpt":{"rendered":"<p>Am 23. und 24. Mai 2023 veranstaltet das OLG Schleswig eine Fortbildungsveranstaltung zum Thema \u201eWirksam und leicht kommunizieren f\u00fcr Sicherheit und Souver\u00e4nit\u00e4t im Referendariat und in den Pr\u00fcfungen \u2013 ein Workshop f\u00fcr Rechtsreferendarinnen und Rechtsreferendare\u201c in Malente. Die Veranstaltung richtet &hellip; <a href=\"http:\/\/referendarrat-sh.de\/?p=9862\">Weiterlesen <span class=\"meta-nav\">&rarr;<\/span><\/a><\/p>\n","protected":false},"author":1,"featured_media":0,"comment_status":"closed","ping_status":"closed","sticky":false,"template":"","format":"standard","meta":{"footnotes":""},"categories":[5,39,41],"tags":[],"class_list":["post-9862","post","type-post","status-publish","format-standard","hentry","category-externe-angebote-veranstaltungen-und-mitteilungen","category-weitere-mitteilungen","category-offizielle-veranstaltungen-und-mitteilungen"],"_links":{"self":[{"href":"http:\/\/referendarrat-sh.de\/index.php?rest_route=\/wp\/v2\/posts\/9862","targetHints":{"allow":["GET"]}}],"collection":[{"href":"http:\/\/referendarrat-sh.de\/index.php?rest_route=\/wp\/v2\/posts"}],"about":[{"href":"http:\/\/referendarrat-sh.de\/index.php?rest_route=\/wp\/v2\/types\/post"}],"author":[{"embeddable":true,"href":"http:\/\/referendarrat-sh.de\/index.php?rest_route=\/wp\/v2\/users\/1"}],"replies":[{"embeddable":true,"href":"http:\/\/referendarrat-sh.de\/index.php?rest_route=%2Fwp%2Fv2%2Fcomments&post=9862"}],"version-history":[{"count":2,"href":"http:\/\/referendarrat-sh.de\/index.php?rest_route=\/wp\/v2\/posts\/9862\/revisions"}],"predecessor-version":[{"id":9864,"href":"http:\/\/referendarrat-sh.de\/index.php?rest_route=\/wp\/v2\/posts\/9862\/revisions\/9864"}],"wp:attachment":[{"href":"http:\/\/referendarrat-sh.de\/index.php?rest_route=%2Fwp%2Fv2%2Fmedia&parent=9862"}],"wp:term":[{"taxonomy":"category","embeddable":true,"href":"http:\/\/referendarrat-sh.de\/index.php?rest_route=%2Fwp%2Fv2%2Fcategories&post=9862"},{"taxonomy":"post_tag","embeddable":true,"href":"http:\/\/referendarrat-sh.de\/index.php?rest_route=%2Fwp%2Fv2%2Ftags&post=9862"}],"curies":[{"name":"wp","href":"https:\/\/api.w.org\/{rel}","templated":true}]}}