{"id":9849,"date":"2023-03-29T06:56:37","date_gmt":"2023-03-29T04:56:37","guid":{"rendered":"http:\/\/referendarrat-sh.de\/?p=9849"},"modified":"2023-03-29T06:57:26","modified_gmt":"2023-03-29T04:57:26","slug":"jugendtagung-der-deutsch-israelischen-juristenvereinigung-2","status":"publish","type":"post","link":"http:\/\/referendarrat-sh.de\/?p=9849","title":{"rendered":"Jugendtagung der Deutsch-Israelischen Juristenvereinigung"},"content":{"rendered":"<p>Vom <strong><u>14. bis 21. Mai 2023<\/u><\/strong> findet in Frankfurt die einw\u00f6chige Tagung f\u00fcr israelische und deutsche Jurastudenten, Referendare, wissenschaftliche Mitarbeiter und junge Anw\u00e4lte\/Juristen statt.<\/p>\n<p>Wir wollen bei diesem Treffen in der Jugendherberge Frankfurt den Austausch der jeweiligen Rechtskulturen und den Dialog zwischen jungen israelischen und deutschen Juristen f\u00f6rdern und begleiten. Sollten Sie selbst daran interessiert sein oder in ihrer Familie und im Bekanntenkreis Interessenten f\u00fcr die Veranstaltung haben, freuen wir uns, wenn Sie die Informationen weiterleiten.<\/p>\n<p>Es freut uns besonders, dass wir Dank einer F\u00f6rderung wieder 50 Studenten etc. \u2013 25 aus Deutschland und 25 aus Israel \u2013 die Teilnahme an der Tagung zu besonderen Konditionen erm\u00f6glichen k\u00f6nnen.<\/p>\n<p>Die Teilnehmer erwartet eine tolle Woche in der Jugendherberge Frankfurt mit interessanten Tagungsthemen sowie etlichen spannenden Ausfl\u00fcgen und Besuchen. <strong>Wichtig: Tagungssprache ist Englisch.<\/strong> Das detaillierte <strong>Tagungsprogramm<\/strong> finden Sie in der Anlage und auf unserer Homepage.<\/p>\n<p>Das ist der <strong>Link zum Programm<\/strong> und weiteren Infos <a href=\"https:\/\/www.dijv.de\/de\/topic\/1.start.html\">https:\/\/www.dijv.de\/de\/topic\/1.start.html<\/a>.<\/p>\n<p>Zur <strong>Anmeldung<\/strong> geht hier: <a href=\"https:\/\/www.dijv.de\/de\/topic\/45.anmeldung.html\">https:\/\/www.dijv.de\/de\/topic\/45.anmeldung.html<\/a><\/p>\n<p><strong><a href=\"http:\/\/referendarrat-sh.de\/wp-content\/uploads\/2023\/03\/Youth-Program-2023.pdf\">Anlage<\/a><\/strong><\/p>\n","protected":false},"excerpt":{"rendered":"<p>Vom 14. bis 21. Mai 2023 findet in Frankfurt die einw\u00f6chige Tagung f\u00fcr israelische und deutsche Jurastudenten, Referendare, wissenschaftliche Mitarbeiter und junge Anw\u00e4lte\/Juristen statt. Wir wollen bei diesem Treffen in der Jugendherberge Frankfurt den Austausch der jeweiligen Rechtskulturen und den &hellip; <a href=\"http:\/\/referendarrat-sh.de\/?p=9849\">Weiterlesen <span class=\"meta-nav\">&rarr;<\/span><\/a><\/p>\n","protected":false},"author":1,"featured_media":0,"comment_status":"closed","ping_status":"closed","sticky":false,"template":"","format":"standard","meta":{"footnotes":""},"categories":[5,41],"tags":[],"class_list":["post-9849","post","type-post","status-publish","format-standard","hentry","category-externe-angebote-veranstaltungen-und-mitteilungen","category-offizielle-veranstaltungen-und-mitteilungen"],"_links":{"self":[{"href":"http:\/\/referendarrat-sh.de\/index.php?rest_route=\/wp\/v2\/posts\/9849","targetHints":{"allow":["GET"]}}],"collection":[{"href":"http:\/\/referendarrat-sh.de\/index.php?rest_route=\/wp\/v2\/posts"}],"about":[{"href":"http:\/\/referendarrat-sh.de\/index.php?rest_route=\/wp\/v2\/types\/post"}],"author":[{"embeddable":true,"href":"http:\/\/referendarrat-sh.de\/index.php?rest_route=\/wp\/v2\/users\/1"}],"replies":[{"embeddable":true,"href":"http:\/\/referendarrat-sh.de\/index.php?rest_route=%2Fwp%2Fv2%2Fcomments&post=9849"}],"version-history":[{"count":2,"href":"http:\/\/referendarrat-sh.de\/index.php?rest_route=\/wp\/v2\/posts\/9849\/revisions"}],"predecessor-version":[{"id":9852,"href":"http:\/\/referendarrat-sh.de\/index.php?rest_route=\/wp\/v2\/posts\/9849\/revisions\/9852"}],"wp:attachment":[{"href":"http:\/\/referendarrat-sh.de\/index.php?rest_route=%2Fwp%2Fv2%2Fmedia&parent=9849"}],"wp:term":[{"taxonomy":"category","embeddable":true,"href":"http:\/\/referendarrat-sh.de\/index.php?rest_route=%2Fwp%2Fv2%2Fcategories&post=9849"},{"taxonomy":"post_tag","embeddable":true,"href":"http:\/\/referendarrat-sh.de\/index.php?rest_route=%2Fwp%2Fv2%2Ftags&post=9849"}],"curies":[{"name":"wp","href":"https:\/\/api.w.org\/{rel}","templated":true}]}}