{"id":9840,"date":"2023-03-20T08:17:21","date_gmt":"2023-03-20T06:17:21","guid":{"rendered":"http:\/\/referendarrat-sh.de\/?p=9840"},"modified":"2023-03-20T08:22:23","modified_gmt":"2023-03-20T06:22:23","slug":"kampagne-und-petition-des-brf-gegen-die-streichung-der-ruhetage-im-examen","status":"publish","type":"post","link":"http:\/\/referendarrat-sh.de\/?p=9840","title":{"rendered":"Kampagne und Petition des BRF gegen die Streichung der Ruhetage im Examen"},"content":{"rendered":"<div class=\"elementToProof\">\n<p>Liebe Referendar*innen,<\/p>\n<p>im Mai 2022 wurde von den Justizpr\u00fcfungs\u00e4mtern der <strong>Beschluss<\/strong> gefasst, die <strong>Ruhetage im juristischen Examen zu streichen<\/strong>. Bekannt geworden ist der Beschluss zuletzt, indem das Justizpr\u00fcfungsamt Baden-W\u00fcrttemberg die Streichung der Ruhetage f\u00fcr das erste Examen umgesetzt hat. Betroffen sind jedoch <strong>alle Bundesl\u00e4nder<\/strong> sowie auch die Pr\u00fcfung im <strong>zweiten Examen<\/strong>.<\/p>\n<p>Der <strong>Bundesverband der juristischen Fachschaften e.V.<\/strong> (BRF) positioniert sich klar <strong>gegen die Streichung der Ruhetage<\/strong> und fordert die R\u00fccknahme des Beschlusses. Zu diesem Zweck hat der BRF eine <strong>Kampagne<\/strong>\u00a0<strong>mit Petition<\/strong> gestartet.<\/p>\n<p>Alle <strong>Informationen zur Kampagne<\/strong> findet ihr unter: <strong><a href=\"https:\/\/bundesfachschaft.de\/ruhetage-im-examen-erhalten\/\">https:\/\/bundesfachschaft.de\/ruhetage-im-examen-erhalten\/ <\/a><\/strong><\/p>\n<p>Dort habt ihr auch die M\u00f6glichkeit, die Petition gegen die Streichung der Ruhetage im Examen zu unterschreiben.<\/p>\n<\/div>\n","protected":false},"excerpt":{"rendered":"<p>Liebe Referendar*innen, im Mai 2022 wurde von den Justizpr\u00fcfungs\u00e4mtern der Beschluss gefasst, die Ruhetage im juristischen Examen zu streichen. Bekannt geworden ist der Beschluss zuletzt, indem das Justizpr\u00fcfungsamt Baden-W\u00fcrttemberg die Streichung der Ruhetage f\u00fcr das erste Examen umgesetzt hat. Betroffen &hellip; <a href=\"http:\/\/referendarrat-sh.de\/?p=9840\">Weiterlesen <span class=\"meta-nav\">&rarr;<\/span><\/a><\/p>\n","protected":false},"author":1,"featured_media":0,"comment_status":"closed","ping_status":"closed","sticky":false,"template":"","format":"standard","meta":{"footnotes":""},"categories":[5],"tags":[],"class_list":["post-9840","post","type-post","status-publish","format-standard","hentry","category-externe-angebote-veranstaltungen-und-mitteilungen"],"_links":{"self":[{"href":"http:\/\/referendarrat-sh.de\/index.php?rest_route=\/wp\/v2\/posts\/9840","targetHints":{"allow":["GET"]}}],"collection":[{"href":"http:\/\/referendarrat-sh.de\/index.php?rest_route=\/wp\/v2\/posts"}],"about":[{"href":"http:\/\/referendarrat-sh.de\/index.php?rest_route=\/wp\/v2\/types\/post"}],"author":[{"embeddable":true,"href":"http:\/\/referendarrat-sh.de\/index.php?rest_route=\/wp\/v2\/users\/1"}],"replies":[{"embeddable":true,"href":"http:\/\/referendarrat-sh.de\/index.php?rest_route=%2Fwp%2Fv2%2Fcomments&post=9840"}],"version-history":[{"count":5,"href":"http:\/\/referendarrat-sh.de\/index.php?rest_route=\/wp\/v2\/posts\/9840\/revisions"}],"predecessor-version":[{"id":9845,"href":"http:\/\/referendarrat-sh.de\/index.php?rest_route=\/wp\/v2\/posts\/9840\/revisions\/9845"}],"wp:attachment":[{"href":"http:\/\/referendarrat-sh.de\/index.php?rest_route=%2Fwp%2Fv2%2Fmedia&parent=9840"}],"wp:term":[{"taxonomy":"category","embeddable":true,"href":"http:\/\/referendarrat-sh.de\/index.php?rest_route=%2Fwp%2Fv2%2Fcategories&post=9840"},{"taxonomy":"post_tag","embeddable":true,"href":"http:\/\/referendarrat-sh.de\/index.php?rest_route=%2Fwp%2Fv2%2Ftags&post=9840"}],"curies":[{"name":"wp","href":"https:\/\/api.w.org\/{rel}","templated":true}]}}