{"id":9825,"date":"2023-03-16T18:33:33","date_gmt":"2023-03-16T16:33:33","guid":{"rendered":"http:\/\/referendarrat-sh.de\/?p=9825"},"modified":"2023-03-16T18:33:34","modified_gmt":"2023-03-16T16:33:34","slug":"intensivseminar-zum-europarecht-der-era-young-lawyers-academy","status":"publish","type":"post","link":"http:\/\/referendarrat-sh.de\/?p=9825","title":{"rendered":"Intensivseminar zum Europarecht der ERA Young Lawyers Academy"},"content":{"rendered":"<p style=\"font-weight: 400;\">Der Deutsche Anwaltverein darf insgesamt 20 Kandidatinnen und Kandidaten aus Deutschland f\u00fcr ein von der ERA organisiertes und von der EU finanziell unterst\u00fctztes hochkar\u00e4tiges 10-t\u00e4giges <strong>Intensivseminar zum Europarecht<\/strong> nominieren, das sich speziell an Referendarinnen und Referendare sowie an junge Anw\u00e4ltinnen und Anw\u00e4lte richtet.<\/p>\n<p style=\"font-weight: 400;\">Das Hauptziel des Seminars besteht darin, das Bewusstsein f\u00fcr Querschnittsbereiche des EU-Rechts zu sch\u00e4rfen und angehenden bzw. jungen Anw\u00e4ltinnen und Anw\u00e4lten in der Privatpraxis in ganz Europa zu helfen, effektiv und koh\u00e4rent EU-Recht anzuwenden. Dieser Kurs wird nicht nur praktisches Wissen \u00fcber Europ\u00e4ische Rechtsprechung und Verfahrensf\u00fchrung, Grundrechte, Rechtsstaatlichkeit und Datenschutz vermitteln, sondern auch eine Plattform f\u00fcr den Austausch von bew\u00e4hrten Praktiken, Informationen und Wissen bieten und enge Kontakte zwischen jungen Juristinnen und Juristen aus verschiedenen EU-Mitgliedstaaten schaffen.<\/p>\n<p style=\"font-weight: 400;\"><strong>Wo? \u2013<\/strong> Das Seminar findet in Trier und Stra\u00dfburg statt. Sie \u00fcbernachten in einem Hotel in Trier, das Programm umfasst aber ebenfalls einen Besuch des Europ\u00e4ischen Gerichtshofs in Luxemburg und des Europ\u00e4ischen Gerichtshofs f\u00fcr Menschenrechte in Stra\u00dfburg<\/p>\n<p style=\"font-weight: 400;\"><strong>Wie?<\/strong> &#8211; Das Seminar wird in englischer Sprache stattfinden.<\/p>\n<p style=\"font-weight: 400;\"><strong>Wer?<\/strong> &#8211; Das Seminar richtet sich an Rechtsreferendarinnen und Rechtsreferendare sowie junge Anw\u00e4ltinnen und Anw\u00e4lte, die zum 01.01.2023 weniger als 3 Jahre zugelassen sind.<\/p>\n<p style=\"font-weight: 400;\"><strong>Wie viel?<\/strong> &#8211; Die ERA \u00fcbernimmt die Hotelkosten, Cateringkosten sowie Reisekosten in H\u00f6he von 200 \u20ac. Die Teilnehmergeb\u00fchr f\u00fcr die Teilnehmenden betr\u00e4gt 250 \u20ac.<\/p>\n<p style=\"font-weight: 400;\"><strong>Wann? &#8211;<\/strong> Die Seminare werden an folgenden Daten stattfinden, Sie bewerben sich bei uns bitte f\u00fcr ein konkretes Datum:<\/p>\n<p style=\"font-weight: 400;\">&#8211;\u00a0\u00a0\u00a0\u00a0\u00a0\u00a0 2023 Sommerseminar: <strong>12.06.2023-21.06.2023<\/strong><\/p>\n<p style=\"font-weight: 400;\">&#8211;\u00a0\u00a0\u00a0\u00a0\u00a0\u00a0 2023 Winterseminar: <strong>27.11.2023-06.12.2023<\/strong><\/p>\n<p style=\"font-weight: 400;\">&#8211;\u00a0\u00a0\u00a0\u00a0\u00a0\u00a0 2024 Winterseminar: <strong>22.01.2024-31.01.2024<\/strong><\/p>\n<p style=\"font-weight: 400;\">&#8211;\u00a0\u00a0\u00a0\u00a0\u00a0\u00a0 2024 Herbstseminar: <strong>14.10.2024-23.10.2024<\/strong><\/p>\n<p style=\"font-weight: 400;\">Das ausf\u00fchrliche Programm entnehmen Sie bitte der Anlage.<\/p>\n<p style=\"font-weight: 400;\">Da die zur Verf\u00fcgung stehenden Pl\u00e4tze stark begrenzt sind, ist der Bewerbungsprozess zweistufig. Im ersten Schritt bitten wir Sie, sich <strong>bis sp\u00e4testens jeweils drei Monate vor dem vorgesehenen Seminarzeitraum, f\u00fcr das erste Seminar bis sp\u00e4testens zum 22. M\u00e4rz 2022,<\/strong> per E-Mail unter<a href=\"mailto:assistenz@eu.anwaltverein.de\"> assistenz@eu.anwaltverein.de<\/a> voranzumelden. In der Email sollten folgende Fragen beantwortet werden:<\/p>\n<p style=\"font-weight: 400;\">&#8211;\u00a0\u00a0\u00a0\u00a0\u00a0\u00a0\u00a0\u00a0\u00a0 Sind Sie Rechtsreferendar:in bzw. falls Sie junge\/r Rechtsanw\u00e4ltin\/Rechtsanwalt sind: seit wann sind Sie zugelassen?<\/p>\n<p style=\"font-weight: 400;\">&#8211;\u00a0\u00a0\u00a0\u00a0\u00a0\u00a0\u00a0\u00a0\u00a0 An welchem der Seminare m\u00f6chten Sie teilnehmen (Datum)?<\/p>\n<p style=\"font-weight: 400;\">Nach Durchsicht aller Bewerbungen werden wir Sie dann informieren, ob Ihre Kandidatur ber\u00fccksichtigt wurde. Danach m\u00fcssen Sie sich in einem zweiten Schritt formell auf der Website der ERA\u00a0anmelden.<\/p>\n<p><strong><a href=\"http:\/\/referendarrat-sh.de\/wp-content\/uploads\/2023\/03\/Flyer-ERA-Young-Lawyers-Academy_final.pdf\">Veranstaltungsflyer<\/a><\/strong><\/p>\n","protected":false},"excerpt":{"rendered":"<p>Der Deutsche Anwaltverein darf insgesamt 20 Kandidatinnen und Kandidaten aus Deutschland f\u00fcr ein von der ERA organisiertes und von der EU finanziell unterst\u00fctztes hochkar\u00e4tiges 10-t\u00e4giges Intensivseminar zum Europarecht nominieren, das sich speziell an Referendarinnen und Referendare sowie an junge Anw\u00e4ltinnen &hellip; <a href=\"http:\/\/referendarrat-sh.de\/?p=9825\">Weiterlesen <span class=\"meta-nav\">&rarr;<\/span><\/a><\/p>\n","protected":false},"author":1,"featured_media":0,"comment_status":"closed","ping_status":"closed","sticky":false,"template":"","format":"standard","meta":{"footnotes":""},"categories":[5,41],"tags":[],"class_list":["post-9825","post","type-post","status-publish","format-standard","hentry","category-externe-angebote-veranstaltungen-und-mitteilungen","category-offizielle-veranstaltungen-und-mitteilungen"],"_links":{"self":[{"href":"http:\/\/referendarrat-sh.de\/index.php?rest_route=\/wp\/v2\/posts\/9825","targetHints":{"allow":["GET"]}}],"collection":[{"href":"http:\/\/referendarrat-sh.de\/index.php?rest_route=\/wp\/v2\/posts"}],"about":[{"href":"http:\/\/referendarrat-sh.de\/index.php?rest_route=\/wp\/v2\/types\/post"}],"author":[{"embeddable":true,"href":"http:\/\/referendarrat-sh.de\/index.php?rest_route=\/wp\/v2\/users\/1"}],"replies":[{"embeddable":true,"href":"http:\/\/referendarrat-sh.de\/index.php?rest_route=%2Fwp%2Fv2%2Fcomments&post=9825"}],"version-history":[{"count":1,"href":"http:\/\/referendarrat-sh.de\/index.php?rest_route=\/wp\/v2\/posts\/9825\/revisions"}],"predecessor-version":[{"id":9827,"href":"http:\/\/referendarrat-sh.de\/index.php?rest_route=\/wp\/v2\/posts\/9825\/revisions\/9827"}],"wp:attachment":[{"href":"http:\/\/referendarrat-sh.de\/index.php?rest_route=%2Fwp%2Fv2%2Fmedia&parent=9825"}],"wp:term":[{"taxonomy":"category","embeddable":true,"href":"http:\/\/referendarrat-sh.de\/index.php?rest_route=%2Fwp%2Fv2%2Fcategories&post=9825"},{"taxonomy":"post_tag","embeddable":true,"href":"http:\/\/referendarrat-sh.de\/index.php?rest_route=%2Fwp%2Fv2%2Ftags&post=9825"}],"curies":[{"name":"wp","href":"https:\/\/api.w.org\/{rel}","templated":true}]}}