{"id":9821,"date":"2023-03-15T16:22:44","date_gmt":"2023-03-15T14:22:44","guid":{"rendered":"http:\/\/referendarrat-sh.de\/?p=9821"},"modified":"2023-03-15T16:22:45","modified_gmt":"2023-03-15T14:22:45","slug":"wiss-mitarbeiterin-im-bereich-digitalisierungsstrategie-an-der-tu-dresden-gesucht","status":"publish","type":"post","link":"http:\/\/referendarrat-sh.de\/?p=9821","title":{"rendered":"Wiss. Mitarbeiter*in im Bereich Digitalisierungsstrategie an der TU Dresden gesucht"},"content":{"rendered":"<p>Das Institut f\u00fcr Internationales Recht, Geistiges Eigentum und Technikrecht (IRGET), Professur f\u00fcr B\u00fcrgerliches Recht, Immaterialg\u00fcterrecht, insbesondere Urheberrecht sowie Medien- und Datenschutzrecht der Technischen Universit\u00e4t Dresden sucht <strong>zum n\u00e4chstm\u00f6glichen Zeitpunkt<\/strong> eine wissenschaftliche Mitarbeiter*in (m\/w\/d) im Bereich der <strong>Erarbeitung einer Digitalisierungsstrategie f\u00fcr Lehre und Forschung<\/strong>.<\/p>\n<p>Alle weiteren Informationen gibt es in der beigef\u00fcgten Stellenanzeige.<\/p>\n<p><strong><a href=\"http:\/\/referendarrat-sh.de\/wp-content\/uploads\/2023\/03\/Lauber-Roensberg_WIMI_090323_w23-090.pdf\">Stellenanzeige<\/a><\/strong><\/p>\n","protected":false},"excerpt":{"rendered":"<p>Das Institut f\u00fcr Internationales Recht, Geistiges Eigentum und Technikrecht (IRGET), Professur f\u00fcr B\u00fcrgerliches Recht, Immaterialg\u00fcterrecht, insbesondere Urheberrecht sowie Medien- und Datenschutzrecht der Technischen Universit\u00e4t Dresden sucht zum n\u00e4chstm\u00f6glichen Zeitpunkt eine wissenschaftliche Mitarbeiter*in (m\/w\/d) im Bereich der Erarbeitung einer Digitalisierungsstrategie f\u00fcr &hellip; <a href=\"http:\/\/referendarrat-sh.de\/?p=9821\">Weiterlesen <span class=\"meta-nav\">&rarr;<\/span><\/a><\/p>\n","protected":false},"author":1,"featured_media":0,"comment_status":"closed","ping_status":"closed","sticky":false,"template":"","format":"standard","meta":{"footnotes":""},"categories":[5,38,1],"tags":[],"class_list":["post-9821","post","type-post","status-publish","format-standard","hentry","category-externe-angebote-veranstaltungen-und-mitteilungen","category-stellenanzeigen","category-uncategorized"],"_links":{"self":[{"href":"http:\/\/referendarrat-sh.de\/index.php?rest_route=\/wp\/v2\/posts\/9821","targetHints":{"allow":["GET"]}}],"collection":[{"href":"http:\/\/referendarrat-sh.de\/index.php?rest_route=\/wp\/v2\/posts"}],"about":[{"href":"http:\/\/referendarrat-sh.de\/index.php?rest_route=\/wp\/v2\/types\/post"}],"author":[{"embeddable":true,"href":"http:\/\/referendarrat-sh.de\/index.php?rest_route=\/wp\/v2\/users\/1"}],"replies":[{"embeddable":true,"href":"http:\/\/referendarrat-sh.de\/index.php?rest_route=%2Fwp%2Fv2%2Fcomments&post=9821"}],"version-history":[{"count":2,"href":"http:\/\/referendarrat-sh.de\/index.php?rest_route=\/wp\/v2\/posts\/9821\/revisions"}],"predecessor-version":[{"id":9824,"href":"http:\/\/referendarrat-sh.de\/index.php?rest_route=\/wp\/v2\/posts\/9821\/revisions\/9824"}],"wp:attachment":[{"href":"http:\/\/referendarrat-sh.de\/index.php?rest_route=%2Fwp%2Fv2%2Fmedia&parent=9821"}],"wp:term":[{"taxonomy":"category","embeddable":true,"href":"http:\/\/referendarrat-sh.de\/index.php?rest_route=%2Fwp%2Fv2%2Fcategories&post=9821"},{"taxonomy":"post_tag","embeddable":true,"href":"http:\/\/referendarrat-sh.de\/index.php?rest_route=%2Fwp%2Fv2%2Ftags&post=9821"}],"curies":[{"name":"wp","href":"https:\/\/api.w.org\/{rel}","templated":true}]}}