{"id":9814,"date":"2023-03-15T16:10:35","date_gmt":"2023-03-15T14:10:35","guid":{"rendered":"http:\/\/referendarrat-sh.de\/?p=9814"},"modified":"2023-03-15T16:11:00","modified_gmt":"2023-03-15T14:11:00","slug":"bewerbertag-auf-den-punkt-bei-bird-bird-in-frankfurt","status":"publish","type":"post","link":"http:\/\/referendarrat-sh.de\/?p=9814","title":{"rendered":"Bewerbertag \u201eAuf den Punkt\u201c am 20.04.2023 bei Bird &#038; Bird in Frankfurt"},"content":{"rendered":"<p style=\"font-weight: 400;\">Am 20.04.2023 &nbsp;veranstaltet die Kanzlei Bird &amp; Bird ein Inhouse-Event zum Thema \u201eAuf den Punkt\u201c in Frankfurt.<\/p>\n<p style=\"font-weight: 400;\">Das Event richtet sich vornehmlich an Referendare, die sich noch auf keinen Praxisbereich festgelegt haben und die Chance nutzen m\u00f6chten, Bird &amp; Bird als Arbeitgeber kennenzulernen. Die Teilnehmer erfahren im Rahmen eines Speed-Datings mit verschiedenen Praxisgruppenvertretern mehr \u00fcber unsere Anw\u00e4lte, die Atmosph\u00e4re und die Arbeit in unserer Kanzlei und erhalten durch unsere Personalabteilung ein Bewerbungscoaching.<\/p>\n<p style=\"font-weight: 400;\">Alle weiteren Informationen gibt es in dem beigef\u00fcgten Veranstaltungsflyer.<\/p>\n<p><strong><a href=\"http:\/\/referendarrat-sh.de\/wp-content\/uploads\/2023\/03\/BirdBird_Bewerbertag_Auf-den-Punkt_20.04.23.pdf\">Veranstaltungsflyer<\/a><\/strong><\/p>\n","protected":false},"excerpt":{"rendered":"<p>Am 20.04.2023 &nbsp;veranstaltet die Kanzlei Bird &amp; Bird ein Inhouse-Event zum Thema \u201eAuf den Punkt\u201c in Frankfurt. Das Event richtet sich vornehmlich an Referendare, die sich noch auf keinen Praxisbereich festgelegt haben und die Chance nutzen m\u00f6chten, Bird &amp; Bird &hellip; <a href=\"http:\/\/referendarrat-sh.de\/?p=9814\">Weiterlesen <span class=\"meta-nav\">&rarr;<\/span><\/a><\/p>\n","protected":false},"author":1,"featured_media":0,"comment_status":"closed","ping_status":"closed","sticky":false,"template":"","format":"standard","meta":{"footnotes":""},"categories":[1],"tags":[],"class_list":["post-9814","post","type-post","status-publish","format-standard","hentry","category-uncategorized"],"_links":{"self":[{"href":"http:\/\/referendarrat-sh.de\/index.php?rest_route=\/wp\/v2\/posts\/9814","targetHints":{"allow":["GET"]}}],"collection":[{"href":"http:\/\/referendarrat-sh.de\/index.php?rest_route=\/wp\/v2\/posts"}],"about":[{"href":"http:\/\/referendarrat-sh.de\/index.php?rest_route=\/wp\/v2\/types\/post"}],"author":[{"embeddable":true,"href":"http:\/\/referendarrat-sh.de\/index.php?rest_route=\/wp\/v2\/users\/1"}],"replies":[{"embeddable":true,"href":"http:\/\/referendarrat-sh.de\/index.php?rest_route=%2Fwp%2Fv2%2Fcomments&post=9814"}],"version-history":[{"count":2,"href":"http:\/\/referendarrat-sh.de\/index.php?rest_route=\/wp\/v2\/posts\/9814\/revisions"}],"predecessor-version":[{"id":9817,"href":"http:\/\/referendarrat-sh.de\/index.php?rest_route=\/wp\/v2\/posts\/9814\/revisions\/9817"}],"wp:attachment":[{"href":"http:\/\/referendarrat-sh.de\/index.php?rest_route=%2Fwp%2Fv2%2Fmedia&parent=9814"}],"wp:term":[{"taxonomy":"category","embeddable":true,"href":"http:\/\/referendarrat-sh.de\/index.php?rest_route=%2Fwp%2Fv2%2Fcategories&post=9814"},{"taxonomy":"post_tag","embeddable":true,"href":"http:\/\/referendarrat-sh.de\/index.php?rest_route=%2Fwp%2Fv2%2Ftags&post=9814"}],"curies":[{"name":"wp","href":"https:\/\/api.w.org\/{rel}","templated":true}]}}