{"id":9811,"date":"2023-03-15T15:56:03","date_gmt":"2023-03-15T13:56:03","guid":{"rendered":"http:\/\/referendarrat-sh.de\/?p=9811"},"modified":"2023-03-16T18:41:16","modified_gmt":"2023-03-16T16:41:16","slug":"referendarratswahl-2023-2024-jetzt-bewerben","status":"publish","type":"post","link":"http:\/\/referendarrat-sh.de\/?p=9811","title":{"rendered":"Referendarratswahl 2023\/2024 &#8211; jetzt bewerben!"},"content":{"rendered":"<p class=\"p1\"><span class=\"s1\">Liebe Kolleg*innen,<\/span><\/p>\n<p class=\"p1\"><span class=\"s1\"><strong>ab heute<\/strong> k\u00f6nnt euch zwei Wochen lang (<strong>bis zum 30.03.<\/strong>) f\u00fcr den Referendarrat 2023\/2024 bewerben. Die diesj\u00e4hrige Referendarratswahl findet vom 13.04.-27.04. statt. Wenn ihr Interesse habt, informiert euch gern auf unserer Website zu den Aufgaben des Referendarrates und den einzelnen Referaten. <\/span><\/p>\n<p class=\"p1\"><span class=\"s1\">Um euch einen ersten \u00dcberblick \u00fcber unsere T\u00e4tigkeiten zu verschaffen, haben wir f\u00fcr euch unseren Vorsitzenden Ian Westphal interviewt. Die Videos k\u00f6nnt ihr in den kommenden Tagen auf unseren Social-Media-Kan\u00e4len ansehen.<\/span><\/p>\n<p class=\"p1\"><span class=\"s1\">Eure <strong>Bewerbung<\/strong> sollte einen kurzen Text zu eurer Person, am besten mit Angabe des LG-Bezirks, und ein Foto von euch enthalten. Sendet eure Bewerbung einfach an <a href=\"mailto:wahlvorstand@referendarrat-sh.de\">wahlvorstand@referendarrat-sh.de<\/a>.<\/span><\/p>\n<p class=\"p1\"><span class=\"s1\">Wenn ihr Fragen habt, meldet euch gerne bei uns!<\/span><\/p>\n<p>Euer Wahlvorstand<\/p>\n","protected":false},"excerpt":{"rendered":"<p>Liebe Kolleg*innen, ab heute k\u00f6nnt euch zwei Wochen lang (bis zum 30.03.) f\u00fcr den Referendarrat 2023\/2024 bewerben. Die diesj\u00e4hrige Referendarratswahl findet vom 13.04.-27.04. statt. Wenn ihr Interesse habt, informiert euch gern auf unserer Website zu den Aufgaben des Referendarrates und &hellip; <a href=\"http:\/\/referendarrat-sh.de\/?p=9811\">Weiterlesen <span class=\"meta-nav\">&rarr;<\/span><\/a><\/p>\n","protected":false},"author":1,"featured_media":0,"comment_status":"closed","ping_status":"closed","sticky":false,"template":"","format":"standard","meta":{"footnotes":""},"categories":[5,39],"tags":[],"class_list":["post-9811","post","type-post","status-publish","format-standard","hentry","category-externe-angebote-veranstaltungen-und-mitteilungen","category-weitere-mitteilungen"],"_links":{"self":[{"href":"http:\/\/referendarrat-sh.de\/index.php?rest_route=\/wp\/v2\/posts\/9811","targetHints":{"allow":["GET"]}}],"collection":[{"href":"http:\/\/referendarrat-sh.de\/index.php?rest_route=\/wp\/v2\/posts"}],"about":[{"href":"http:\/\/referendarrat-sh.de\/index.php?rest_route=\/wp\/v2\/types\/post"}],"author":[{"embeddable":true,"href":"http:\/\/referendarrat-sh.de\/index.php?rest_route=\/wp\/v2\/users\/1"}],"replies":[{"embeddable":true,"href":"http:\/\/referendarrat-sh.de\/index.php?rest_route=%2Fwp%2Fv2%2Fcomments&post=9811"}],"version-history":[{"count":3,"href":"http:\/\/referendarrat-sh.de\/index.php?rest_route=\/wp\/v2\/posts\/9811\/revisions"}],"predecessor-version":[{"id":9828,"href":"http:\/\/referendarrat-sh.de\/index.php?rest_route=\/wp\/v2\/posts\/9811\/revisions\/9828"}],"wp:attachment":[{"href":"http:\/\/referendarrat-sh.de\/index.php?rest_route=%2Fwp%2Fv2%2Fmedia&parent=9811"}],"wp:term":[{"taxonomy":"category","embeddable":true,"href":"http:\/\/referendarrat-sh.de\/index.php?rest_route=%2Fwp%2Fv2%2Fcategories&post=9811"},{"taxonomy":"post_tag","embeddable":true,"href":"http:\/\/referendarrat-sh.de\/index.php?rest_route=%2Fwp%2Fv2%2Ftags&post=9811"}],"curies":[{"name":"wp","href":"https:\/\/api.w.org\/{rel}","templated":true}]}}