{"id":9807,"date":"2023-03-14T07:48:04","date_gmt":"2023-03-14T05:48:04","guid":{"rendered":"http:\/\/referendarrat-sh.de\/?p=9807"},"modified":"2023-03-14T07:50:51","modified_gmt":"2023-03-14T05:50:51","slug":"teilnehmende-fuer-untersuchung-des-instituts-fuer-freie-berufe-ifb-gesucht","status":"publish","type":"post","link":"http:\/\/referendarrat-sh.de\/?p=9807","title":{"rendered":"Teilnehmende f\u00fcr Untersuchung des Instituts f\u00fcr Freie Berufe (IFB) gesucht"},"content":{"rendered":"<div dir=\"ltr\">\n<p><span style=\"font-family: Arial;\">Das Institut f\u00fcr Freie Berufe sucht derzeit noch Teilnehmende f\u00fcr eine aktuelle Untersuchung in Zusammenarbeit mit der Selbsthilfe der Rechtsanw\u00e4lte e.V.<\/span><\/p>\n<p><span style=\"font-family: Arial;\">Die Untersuchung dreht sich um die Frage der <strong>Berufszufriedenheit in den deutschen Rechtsanwaltskanzleien<\/strong>. Hierbei soll breit aufgestellt die Zufriedenheit des juristischen Fachpersonals, der Anw\u00e4ltinnen und Anw\u00e4lte und der Referendare erhoben werden. Da die Thematiken Fachkr\u00e4ftemangel und Nachwuchssorgen auch in der Anwaltschaft angekommen sind, stellt sich f\u00fcr die Wissenschaft die Frage, wo genau Handlungsbedarf besteht.<br \/>\n<\/span><\/p>\n<p><span style=\"font-family: Arial;\">Hierzu wollen wir <strong>auch Referendare<\/strong> genauer zum Ablauf des Refs und ihrer Meinung dazu befragen. So hoffen wir, <strong>Verbesserungsvorschl\u00e4ge erarbeiten <\/strong>zu k\u00f6nnen,<strong> die ggf. auch zu Ver\u00e4nderungen in der Praxis f\u00fchren<\/strong>.<\/span><\/p>\n<p><span style=\"font-family: Arial;\">Die Datenerhebung erfolgt vollkommen anonym als Onlinebefragung. Nur die bearbeitenden Wissenschaftler des IFB haben Zugang zu den Daten und es ist keine R\u00fcckverfolgung m\u00f6glich. Die Befragung ist <span dir=\"ltr\">bis 30.04.<\/span> online zug\u00e4nglich, den Link finden Sie untenstehend:<\/p>\n<p>Juristen und Referendar Befragung: <a class=\"moz-txt-link-abbreviated\" href=\"http:\/\/www.t1p.de\/umfrage-jurist\">www.t1p.de\/umfrage-jurist<\/a><\/span><\/p>\n<\/div>\n","protected":false},"excerpt":{"rendered":"<p>Das Institut f\u00fcr Freie Berufe sucht derzeit noch Teilnehmende f\u00fcr eine aktuelle Untersuchung in Zusammenarbeit mit der Selbsthilfe der Rechtsanw\u00e4lte e.V. Die Untersuchung dreht sich um die Frage der Berufszufriedenheit in den deutschen Rechtsanwaltskanzleien. Hierbei soll breit aufgestellt die Zufriedenheit &hellip; <a href=\"http:\/\/referendarrat-sh.de\/?p=9807\">Weiterlesen <span class=\"meta-nav\">&rarr;<\/span><\/a><\/p>\n","protected":false},"author":1,"featured_media":0,"comment_status":"closed","ping_status":"closed","sticky":false,"template":"","format":"standard","meta":{"footnotes":""},"categories":[5],"tags":[],"class_list":["post-9807","post","type-post","status-publish","format-standard","hentry","category-externe-angebote-veranstaltungen-und-mitteilungen"],"_links":{"self":[{"href":"http:\/\/referendarrat-sh.de\/index.php?rest_route=\/wp\/v2\/posts\/9807","targetHints":{"allow":["GET"]}}],"collection":[{"href":"http:\/\/referendarrat-sh.de\/index.php?rest_route=\/wp\/v2\/posts"}],"about":[{"href":"http:\/\/referendarrat-sh.de\/index.php?rest_route=\/wp\/v2\/types\/post"}],"author":[{"embeddable":true,"href":"http:\/\/referendarrat-sh.de\/index.php?rest_route=\/wp\/v2\/users\/1"}],"replies":[{"embeddable":true,"href":"http:\/\/referendarrat-sh.de\/index.php?rest_route=%2Fwp%2Fv2%2Fcomments&post=9807"}],"version-history":[{"count":2,"href":"http:\/\/referendarrat-sh.de\/index.php?rest_route=\/wp\/v2\/posts\/9807\/revisions"}],"predecessor-version":[{"id":9810,"href":"http:\/\/referendarrat-sh.de\/index.php?rest_route=\/wp\/v2\/posts\/9807\/revisions\/9810"}],"wp:attachment":[{"href":"http:\/\/referendarrat-sh.de\/index.php?rest_route=%2Fwp%2Fv2%2Fmedia&parent=9807"}],"wp:term":[{"taxonomy":"category","embeddable":true,"href":"http:\/\/referendarrat-sh.de\/index.php?rest_route=%2Fwp%2Fv2%2Fcategories&post=9807"},{"taxonomy":"post_tag","embeddable":true,"href":"http:\/\/referendarrat-sh.de\/index.php?rest_route=%2Fwp%2Fv2%2Ftags&post=9807"}],"curies":[{"name":"wp","href":"https:\/\/api.w.org\/{rel}","templated":true}]}}