{"id":9797,"date":"2023-03-08T21:02:07","date_gmt":"2023-03-08T19:02:07","guid":{"rendered":"http:\/\/referendarrat-sh.de\/?p=9797"},"modified":"2023-03-08T21:02:08","modified_gmt":"2023-03-08T19:02:08","slug":"verwaltungs-oder-wahlstation-bei-der-generaldirektion-mare-der-europaeischen-kommission","status":"publish","type":"post","link":"http:\/\/referendarrat-sh.de\/?p=9797","title":{"rendered":"Verwaltungs- oder Wahlstation bei der Generaldirektion MARE der Europ\u00e4ischen Kommission"},"content":{"rendered":"<p>Die Generaldirektion MARE, Rechtsreferat E.4 der Europ\u00e4ischen Kommission bietet qualifizierten Rechtsreferendaren und Referendarinnen die M\u00f6glichkeit, Ihre Wahl- bzw. Verwaltungsstation abzuleisten.<\/p>\n<p>Alle weiteren Informationen gibt es in dem beigef\u00fcgten Stationsangebot.<\/p>\n<p><strong><a href=\"http:\/\/referendarrat-sh.de\/wp-content\/uploads\/2023\/03\/Auschreibung_Referendare_Oktober_2023.pdf\">Stationsangebot<\/a><\/strong><\/p>\n","protected":false},"excerpt":{"rendered":"<p>Die Generaldirektion MARE, Rechtsreferat E.4 der Europ\u00e4ischen Kommission bietet qualifizierten Rechtsreferendaren und Referendarinnen die M\u00f6glichkeit, Ihre Wahl- bzw. Verwaltungsstation abzuleisten. Alle weiteren Informationen gibt es in dem beigef\u00fcgten Stationsangebot. Stationsangebot<\/p>\n","protected":false},"author":1,"featured_media":0,"comment_status":"closed","ping_status":"closed","sticky":false,"template":"","format":"standard","meta":{"footnotes":""},"categories":[5,6],"tags":[],"class_list":["post-9797","post","type-post","status-publish","format-standard","hentry","category-externe-angebote-veranstaltungen-und-mitteilungen","category-stationsangebote"],"_links":{"self":[{"href":"http:\/\/referendarrat-sh.de\/index.php?rest_route=\/wp\/v2\/posts\/9797","targetHints":{"allow":["GET"]}}],"collection":[{"href":"http:\/\/referendarrat-sh.de\/index.php?rest_route=\/wp\/v2\/posts"}],"about":[{"href":"http:\/\/referendarrat-sh.de\/index.php?rest_route=\/wp\/v2\/types\/post"}],"author":[{"embeddable":true,"href":"http:\/\/referendarrat-sh.de\/index.php?rest_route=\/wp\/v2\/users\/1"}],"replies":[{"embeddable":true,"href":"http:\/\/referendarrat-sh.de\/index.php?rest_route=%2Fwp%2Fv2%2Fcomments&post=9797"}],"version-history":[{"count":1,"href":"http:\/\/referendarrat-sh.de\/index.php?rest_route=\/wp\/v2\/posts\/9797\/revisions"}],"predecessor-version":[{"id":9799,"href":"http:\/\/referendarrat-sh.de\/index.php?rest_route=\/wp\/v2\/posts\/9797\/revisions\/9799"}],"wp:attachment":[{"href":"http:\/\/referendarrat-sh.de\/index.php?rest_route=%2Fwp%2Fv2%2Fmedia&parent=9797"}],"wp:term":[{"taxonomy":"category","embeddable":true,"href":"http:\/\/referendarrat-sh.de\/index.php?rest_route=%2Fwp%2Fv2%2Fcategories&post=9797"},{"taxonomy":"post_tag","embeddable":true,"href":"http:\/\/referendarrat-sh.de\/index.php?rest_route=%2Fwp%2Fv2%2Ftags&post=9797"}],"curies":[{"name":"wp","href":"https:\/\/api.w.org\/{rel}","templated":true}]}}