{"id":9791,"date":"2023-03-03T18:57:43","date_gmt":"2023-03-03T16:57:43","guid":{"rendered":"http:\/\/referendarrat-sh.de\/?p=9791"},"modified":"2023-03-03T18:57:43","modified_gmt":"2023-03-03T16:57:43","slug":"wissenschaftliche-mitarbeit-zur-unterstuetzung-der-direktorin","status":"publish","type":"post","link":"http:\/\/referendarrat-sh.de\/?p=9791","title":{"rendered":"Wissenschaftliche Mitarbeit zur Unterst\u00fctzung der Direktorin"},"content":{"rendered":"<div id=\"c5662\" class=\"container\" data-ce=\"imgtextblock\">\n<div class=\"row\">\n<div class=\"col-12 col-md-10 offset-md-1\">\n<div class=\" context context--below margin-bottom-6 \">\n<div class=\"context__main\">\n<div class=\"copytext copytext--auto-icon\">\n<p>Das Deutsche Institut f\u00fcr Menschenrechte e.V. ist die Nationale Menschenrechtsinstitution Deutschlands. Es ist gem\u00e4\u00df den Pariser Prinzipien der Vereinten Nationen akkreditiert (A-Status). Zu den Aufgaben des Instituts geh\u00f6ren Politikberatung, Menschenrechtsbildung, Information und Dokumentation, anwendungsorientierte Forschung zu menschenrechtlichen Themen sowie die Zusammenarbeit mit internationalen Organisationen. Es wird aus dem Haushalt des Deutschen Bundestages finanziert. Das Institut ist zudem mit dem Monitoring der Umsetzung der UN-Behindertenrechtskonvention und der UN-Kinderrechtskonvention betraut worden und hat hierf\u00fcr entsprechende Monitoring-Stellen eingerichtet.<\/p>\n<p><strong>Das Institut sucht zum n\u00e4chstm\u00f6glichen Zeitpunkt eine*n Wissenschaftliche*n Mitarbeiter*in zur Unterst\u00fctzung der Direktorin in Teilzeit (50%, d.h. 19,5 Wochenstunden), zun\u00e4chst befristet auf ein Jahr.<\/strong><\/p>\n<p>Menschenrechtsarbeit braucht vielf\u00e4ltige Perspektiven auf allen Ebenen. Wir begr\u00fc\u00dfen daher Bewerbungen von Menschen mit Diskriminierungserfahrungen, insbesondere Menschen mit Behinderungen und Menschen, die sich als Sinti*zze und Rom*nja, Schwarze Menschen, Person of Color, j\u00fcdisch, muslimisch oder Gefl\u00fcchtete bezeichnen, sowie trans oder intergeschlechtliche Personen und Hochschulabsolvent*innen der ersten Generation.<\/p>\n<h2>Ihre Aufgaben:<\/h2>\n<ul>\n<li>Recherchen (Literatur und Daten) zu grund- und menschenrechtlichen Fragestellungen in Deutschland<\/li>\n<li>Ausarbeiten rechtlicher Analysen zu grund- und menschenrechtlichen Fragenstellungen in Deutschland<\/li>\n<li>Vorarbeit f\u00fcr Stellungnahmen und Reden f\u00fcr unterschiedliche Zielgruppen<\/li>\n<li>Redigieren von Texten<\/li>\n<\/ul>\n<h2>Ihr Profil:<\/h2>\n<p>Sie haben das 1. Juristische Staatsexamen abgelegt und verf\u00fcgen \u00fcber<\/p>\n<ul>\n<li>sehr gute Kenntnisse der v\u00f6lkerrechtlichen Menschenrechte, des internationalen und europ\u00e4ischen Menschenrechtsschutzsystems sowie des deutschen Verfassungsrechts<\/li>\n<li>F\u00e4higkeit und Bereitschaft, sich schnell in neue Rechtsmaterien einzuarbeiten<\/li>\n<li>Erfahrungen im wissenschaftlichen Arbeiten und Schreiben<\/li>\n<li>Sprachkenntnisse: Deutsch C1 und Englisch B2 jeweils in Wort und Schrift<\/li>\n<\/ul>\n<p><strong>W\u00fcnschenswert sind:<\/strong><\/p>\n<ul>\n<li>Interesse an den inlandsbezogenen Themen des Instituts und der Verschr\u00e4nkung von Menschenrechten und Rechtsstaat<\/li>\n<li>Erfahrung in der (ehrenamtlichen) Arbeit zu Menschenrechten<\/li>\n<\/ul>\n<h2>Wir bieten:<\/h2>\n<p>Eine sinnstiftende T\u00e4tigkeit in einem engagierten Team, ein kollegiales Arbeitsklima, Flexibilit\u00e4t bei der Gestaltung der Arbeitszeit und des Arbeitsplatzes, einschlie\u00dflich der M\u00f6glichkeit mobilen Arbeitens, sowie Unterst\u00fctzung bei technischen Hilfsmitteln und sonstigen individuellen Bedarfen. Die T\u00e4tigkeit wird bei Vorliegen der pers\u00f6nlichen Voraussetzungen entsprechend Entgeltgruppe 13 TV\u00f6D (Bund) verg\u00fctet.<\/p>\n<h2>Bewerbungsverfahren und Kontakt:<\/h2>\n<p>Zur Bewerbung nutzen Sie bitte ausschlie\u00dflich unser <a href=\"https:\/\/www.institut-fuer-menschenrechte.de\/das-institut\/vorlage-stellenausschreibung\/bewerbungsformular-16\">Online-Bewerbungsformular<\/a> und f\u00fcllen die dort hinterlegten Bewerbungsunterlagen aus. Bei technischen Schwierigkeiten kontaktieren Sie bitte Karin Jank (jank@dimr.de) oder Tel.: 030 \u2013 259 359 &#8211; 246. Wir f\u00fchren ein anonymisiertes Bewerbungsverfahren durch. Bitte schicken Sie uns deshalb <strong>keinen<\/strong> Lebenslauf, Anschreiben oder Foto. Wenn wir Ihre vollst\u00e4ndigen Unterlagen ben\u00f6tigen, werden wir Sie kontaktieren.<\/p>\n<p>Die <strong>Bewerbungsfrist endet am 10. April 2023, 23:59 Uhr<\/strong> (Eingang Ihrer Unterlagen am Institut).<\/p>\n<p>Die Vorstellungsgespr\u00e4che finden voraussichtlich am 17. April 2023 virtuell (\u00fcber Zoom oder MS Teams) statt. Der genaue Termin wird mit der Einladung bekannt gegeben.<\/p>\n<p>Wir freuen uns auf Ihre Bewerbung!<\/p>\n<\/div>\n<\/div>\n<\/div>\n<\/div>\n<\/div>\n<\/div>\n","protected":false},"excerpt":{"rendered":"<p>Das Deutsche Institut f\u00fcr Menschenrechte e.V. ist die Nationale Menschenrechtsinstitution Deutschlands. Es ist gem\u00e4\u00df den Pariser Prinzipien der Vereinten Nationen akkreditiert (A-Status). Zu den Aufgaben des Instituts geh\u00f6ren Politikberatung, Menschenrechtsbildung, Information und Dokumentation, anwendungsorientierte Forschung zu menschenrechtlichen Themen sowie die &hellip; <a href=\"http:\/\/referendarrat-sh.de\/?p=9791\">Weiterlesen <span class=\"meta-nav\">&rarr;<\/span><\/a><\/p>\n","protected":false},"author":2,"featured_media":0,"comment_status":"closed","ping_status":"closed","sticky":false,"template":"","format":"standard","meta":{"footnotes":""},"categories":[6],"tags":[],"class_list":["post-9791","post","type-post","status-publish","format-standard","hentry","category-stationsangebote"],"_links":{"self":[{"href":"http:\/\/referendarrat-sh.de\/index.php?rest_route=\/wp\/v2\/posts\/9791","targetHints":{"allow":["GET"]}}],"collection":[{"href":"http:\/\/referendarrat-sh.de\/index.php?rest_route=\/wp\/v2\/posts"}],"about":[{"href":"http:\/\/referendarrat-sh.de\/index.php?rest_route=\/wp\/v2\/types\/post"}],"author":[{"embeddable":true,"href":"http:\/\/referendarrat-sh.de\/index.php?rest_route=\/wp\/v2\/users\/2"}],"replies":[{"embeddable":true,"href":"http:\/\/referendarrat-sh.de\/index.php?rest_route=%2Fwp%2Fv2%2Fcomments&post=9791"}],"version-history":[{"count":0,"href":"http:\/\/referendarrat-sh.de\/index.php?rest_route=\/wp\/v2\/posts\/9791\/revisions"}],"wp:attachment":[{"href":"http:\/\/referendarrat-sh.de\/index.php?rest_route=%2Fwp%2Fv2%2Fmedia&parent=9791"}],"wp:term":[{"taxonomy":"category","embeddable":true,"href":"http:\/\/referendarrat-sh.de\/index.php?rest_route=%2Fwp%2Fv2%2Fcategories&post=9791"},{"taxonomy":"post_tag","embeddable":true,"href":"http:\/\/referendarrat-sh.de\/index.php?rest_route=%2Fwp%2Fv2%2Ftags&post=9791"}],"curies":[{"name":"wp","href":"https:\/\/api.w.org\/{rel}","templated":true}]}}