{"id":9295,"date":"2022-07-18T17:19:55","date_gmt":"2022-07-18T15:19:55","guid":{"rendered":"http:\/\/referendarrat-sh.de\/?p=9295"},"modified":"2022-07-18T17:25:28","modified_gmt":"2022-07-18T15:25:28","slug":"zentrum-fuer-europaeischen-verbraucherschutz-e-v","status":"publish","type":"post","link":"http:\/\/referendarrat-sh.de\/?p=9295","title":{"rendered":"Stellenausschreibung: Zentrum f\u00fcr Europ\u00e4ischen Verbraucherschutz e.V."},"content":{"rendered":"<p>Das Zentrum f\u00fcr Europ\u00e4ischen Verbraucherschutz e.V.: Eine Adresse f\u00fcr zwei L\u00e4nder, Frankreich und Deutschland, ideal gelegen im Gro\u00dfraum Kehl\/Stra\u00dfburg, vor den Toren des Europ\u00e4ischen Parlaments.<\/p>\n<p>Es ist das einzige binationale Zentrum, das sich auf grenz\u00fcberschreitende Verbraucherfragen spezialisiert hat.<\/p>\n<p>Seit seiner Gr\u00fcndung 1993 f\u00f6rdert das ZEV die Zusammenarbeit zwischen Deutschland und Frankreich im Dienste der Umsetzung der Europ\u00e4ischen Unionspolitik. Sein Ziel ist es, den B\u00fcrgern die europ\u00e4ische Idee n\u00e4her zu bringen, indem die konkreten und positiven Errungenschaften Europas in einem Bereich aufgezeigt werden, der sie alle betrifft: dem Verbraucherschutz.<\/p>\n<p>Dank der B\u00fcndelung verschiedener europ\u00e4ischer Dienste (nationale Kontaktstellen und insbesondere die Europ\u00e4ischen Verbraucherzentren Deutschland und Frankreich [EVZ]) besch\u00e4ftigt diese operative Einrichtung 45 Mitarbeiter, darunter 27 dreisprachige Juristen. Mit mehr als 46.000 individuellen und pers\u00f6nlichen Rechtsberatungen im Jahr 2021 (in mehr als 76 % der grenz\u00fcberschreitenden Streitigkeiten kann au\u00dfergerichtlich eine einvernehmliche Einigung erzielt werden) ist es auch ein Modell f\u00fcr Modernit\u00e4t und Effizienz.<\/p>\n<p style=\"text-align: center;\">Wir suchen ab sofort eine\/n<br \/>\n<strong>Jurist*in (Vollzeit) m\/w\/d<\/strong><br \/>\nf\u00fcr das Europ\u00e4ische Verbraucherzentrum Deutschland (EVZ)<\/p>\n<p style=\"text-align: left;\"><strong>Ihre Aufgaben:<\/strong><\/p>\n<ul>\n<li style=\"text-align: left;\">Selbst\u00e4ndige Bearbeitung von F\u00e4llen und Informationsanfragen im Rahmen des Netzwerks der Europ\u00e4ischen Verbraucherzentren (thematische Schwerpunkte: wirtschaftlicher Verbraucherschutz, zum Beispiel E-Commerce, Finanzdienstleistungen, Tourismus etc.)<\/li>\n<li style=\"text-align: left;\">Gesp\u00fcr f\u00fcr aktuelle Themen und Verbraucherbed\u00fcrfnisse sowie die mediale Umsetzung<\/li>\n<li style=\"text-align: left;\">Mitarbeit an Projekten (zum Beispiel redaktionelle und konzeptionelle Entwicklung von Verbraucherinformationen), Veranstaltungen, Konferenzen etc.<\/li>\n<li style=\"text-align: left;\">Entwicklung von Verbraucherinformationen f\u00fcr das Internet, in Brosch\u00fcren, Studien und Pressemitteilungen (redaktionelle Arbeiten)<\/li>\n<li style=\"text-align: left;\">Ansprechpartner bei fachlichen Anfragen von Pressevertretern und Kooperationspartnern<\/li>\n<\/ul>\n<p><strong>Ihre Qualifikationen und Kenntnisse:<\/strong><\/p>\n<ul>\n<li>Erfolgreich abgeschlossenes Universit\u00e4tsstudium (mindestens 1. Staatsexamen, Diplom-, Master- oder gleichwertiger Abschluss) der Rechtswissenschaften<\/li>\n<li>Erfahrungen im Bereich der Kommunikation und \u00d6ffentlichkeitsarbeit sind von Vorteil<\/li>\n<li>Sehr gute Englisch- und Franz\u00f6sischkenntnisse in Wort und Schrift<\/li>\n<li>Sicherer Umgang mit den g\u00e4ngigen MS Office-Anwendungen<\/li>\n<\/ul>\n<p><strong>Das bringen Sie mit:<\/strong><\/p>\n<ul>\n<li>Begeisterung f\u00fcr Europa<\/li>\n<li>Gutes Kommunikationsverm\u00f6gen, Flexibilit\u00e4t und F\u00e4higkeit zur Eigenorganisation<\/li>\n<li>Sehr gute konzeptionelle und analytische F\u00e4higkeiten, Entscheidungsf\u00e4higkeit und eine ausgepr\u00e4gte Ziel- und Umsetzungsorientierung<\/li>\n<\/ul>\n<p><strong>Wir bieten:<\/strong><\/p>\n<ul>\n<li>eine abwechslungsreiche T\u00e4tigkeit mit europ\u00e4ischer Ausrichtung in einem internationalen Team (45 Mitarbeiter)<\/li>\n<li>selbstst\u00e4ndiges Arbeiten mit viel Gestaltungsspielraum in einem interdisziplin\u00e4ren Arbeitsumfeld<\/li>\n<li>Kooperation und Austausch mit den EU-Institutionen<\/li>\n<li>moderne R\u00e4umlichkeiten in direkter N\u00e4he zur Eurometropole Stra\u00dfburg<\/li>\n<\/ul>\n<p>Gerade im Hinblick auf die europ\u00e4ische Zusammenarbeit sind interkulturelle Sensibilit\u00e4t, echtes Interesse an anderen Kulturen und eine europ\u00e4ische Denkweise Voraussetzung.<\/p>\n<p>Das Zentrum f\u00fcr Europ\u00e4ischen Verbraucherschutz e.V. wird von \u00f6ffentlichen Stellen in Deutschland und Frankreich sowie der Europ\u00e4ischen Union finanziert. Weitere Informationen zum Aufgabengebiet des Vereins sowie des EVZ erhalten Sie unter <a href=\"http:\/\/www.cec-zev.eu\">www.cec-zev.eu<\/a> sowie <a href=\"http:\/\/www.evz.de\">www.evz.de<\/a>.<\/p>\n<p><strong>Haben wir Ihr Interesse geweckt?<\/strong><br \/>\nDann senden Sie bitte Ihre Bewerbungsunterlagen bevorzugt per E-Mail an:<br \/>\nChristine G\u00e4rtner, <a href=\"mailto:bewerbung@cec-zev.eu\">bewerbung@cec-zev.eu<\/a>.<\/p>\n<p><strong><a href=\"http:\/\/referendarrat-sh.de\/wp-content\/uploads\/2022\/07\/Stellenausschreibung_Jurist3982.pdf\">Stellenausschreibung<\/a><\/strong><\/p>\n","protected":false},"excerpt":{"rendered":"<p>Das Zentrum f\u00fcr Europ\u00e4ischen Verbraucherschutz e.V.: Eine Adresse f\u00fcr zwei L\u00e4nder, Frankreich und Deutschland, ideal gelegen im Gro\u00dfraum Kehl\/Stra\u00dfburg, vor den Toren des Europ\u00e4ischen Parlaments. Es ist das einzige binationale Zentrum, das sich auf grenz\u00fcberschreitende Verbraucherfragen spezialisiert hat. Seit seiner &hellip; <a href=\"http:\/\/referendarrat-sh.de\/?p=9295\">Weiterlesen <span class=\"meta-nav\">&rarr;<\/span><\/a><\/p>\n","protected":false},"author":1,"featured_media":0,"comment_status":"closed","ping_status":"closed","sticky":false,"template":"","format":"standard","meta":{"footnotes":""},"categories":[5,38],"tags":[],"class_list":["post-9295","post","type-post","status-publish","format-standard","hentry","category-externe-angebote-veranstaltungen-und-mitteilungen","category-stellenanzeigen"],"_links":{"self":[{"href":"http:\/\/referendarrat-sh.de\/index.php?rest_route=\/wp\/v2\/posts\/9295","targetHints":{"allow":["GET"]}}],"collection":[{"href":"http:\/\/referendarrat-sh.de\/index.php?rest_route=\/wp\/v2\/posts"}],"about":[{"href":"http:\/\/referendarrat-sh.de\/index.php?rest_route=\/wp\/v2\/types\/post"}],"author":[{"embeddable":true,"href":"http:\/\/referendarrat-sh.de\/index.php?rest_route=\/wp\/v2\/users\/1"}],"replies":[{"embeddable":true,"href":"http:\/\/referendarrat-sh.de\/index.php?rest_route=%2Fwp%2Fv2%2Fcomments&post=9295"}],"version-history":[{"count":3,"href":"http:\/\/referendarrat-sh.de\/index.php?rest_route=\/wp\/v2\/posts\/9295\/revisions"}],"predecessor-version":[{"id":9299,"href":"http:\/\/referendarrat-sh.de\/index.php?rest_route=\/wp\/v2\/posts\/9295\/revisions\/9299"}],"wp:attachment":[{"href":"http:\/\/referendarrat-sh.de\/index.php?rest_route=%2Fwp%2Fv2%2Fmedia&parent=9295"}],"wp:term":[{"taxonomy":"category","embeddable":true,"href":"http:\/\/referendarrat-sh.de\/index.php?rest_route=%2Fwp%2Fv2%2Fcategories&post=9295"},{"taxonomy":"post_tag","embeddable":true,"href":"http:\/\/referendarrat-sh.de\/index.php?rest_route=%2Fwp%2Fv2%2Ftags&post=9295"}],"curies":[{"name":"wp","href":"https:\/\/api.w.org\/{rel}","templated":true}]}}