{"id":9185,"date":"2022-06-02T16:22:37","date_gmt":"2022-06-02T14:22:37","guid":{"rendered":"http:\/\/referendarrat-sh.de\/?p=9185"},"modified":"2022-06-02T16:26:00","modified_gmt":"2022-06-02T14:26:00","slug":"freiwillige-arbeitsgemeinschaft-kurzvortrag-2","status":"publish","type":"post","link":"http:\/\/referendarrat-sh.de\/?p=9185","title":{"rendered":"Freiwillige Arbeitsgemeinschaft Kurzvortrag"},"content":{"rendered":"<p>Sehr geehrte Damen und Herren,<\/p>\n<p>im Landgericht Kiel, <strong>Schulungsmodul<\/strong> (Ort ggf. wechselnd) wird<br \/>\n<strong>vom 06.07.2022 bis zum 31.08.2022 jeweils mittwochs um 14:00 Uhr<br \/>\n<\/strong>die freiwillige Arbeitsgemeinschaft zum Aktenvortrag angeboten.<\/p>\n<p><strong>Leiter der Arbeitsgemeinschaft sind<\/strong><br \/>\n<strong>Herr Richter am Amtsgericht Vo\u00df und<\/strong><br \/>\n<strong>Herr Direktor des Amtsgerichts Martins<\/strong>.<\/p>\n<p>Schwerpunkt der Arbeitsgemeinschaft ist die Vorbereitung auf den Aktenvortrag in der m\u00fcndlichen Pr\u00fcfung f\u00fcr das 2. Staatsexamen. Die Ausschreibung richtet sich vorrangig an Referendar*innen, die sich in der Wahlstation befinden oder unmittelbar vor der m\u00fcndlichen Pr\u00fcfung stehen.<\/p>\n<p>Es findet eine Voranmeldung unter <a href=\"mailto:Referendare@lg-kiel.landsh.de\">Referendare@lg-kiel.landsh.de<\/a><br \/>\nf\u00fcr diese AG statt. Fristende ist der <strong>29.06.2022<\/strong>.<\/p>\n<p>Bitte geben Sie bei der Anmeldung folgende Daten an:<br \/>\nName, Vorname, Landgerichtsbezirk, Wahlfach, Kontaktdaten<\/p>\n<p>Die Bewerber werden ab am 30.06.2022 \u00fcber einen Platzerhalt oder eine Absage f\u00fcr die AG informiert werden.<\/p>\n<p>Eine Erstattung von Reisekosten findet nicht statt.<\/p>\n<p>Mit freundlichen Gr\u00fc\u00dfen<br \/>\ni. A. Gers<br \/>\nRichter am Landgericht<\/p>\n","protected":false},"excerpt":{"rendered":"<p>Sehr geehrte Damen und Herren, im Landgericht Kiel, Schulungsmodul (Ort ggf. wechselnd) wird vom 06.07.2022 bis zum 31.08.2022 jeweils mittwochs um 14:00 Uhr die freiwillige Arbeitsgemeinschaft zum Aktenvortrag angeboten. Leiter der Arbeitsgemeinschaft sind Herr Richter am Amtsgericht Vo\u00df und Herr &hellip; <a href=\"http:\/\/referendarrat-sh.de\/?p=9185\">Weiterlesen <span class=\"meta-nav\">&rarr;<\/span><\/a><\/p>\n","protected":false},"author":1,"featured_media":0,"comment_status":"closed","ping_status":"closed","sticky":false,"template":"","format":"standard","meta":{"footnotes":""},"categories":[4,5,39],"tags":[],"class_list":["post-9185","post","type-post","status-publish","format-standard","hentry","category-besondere-ags","category-externe-angebote-veranstaltungen-und-mitteilungen","category-weitere-mitteilungen"],"_links":{"self":[{"href":"http:\/\/referendarrat-sh.de\/index.php?rest_route=\/wp\/v2\/posts\/9185","targetHints":{"allow":["GET"]}}],"collection":[{"href":"http:\/\/referendarrat-sh.de\/index.php?rest_route=\/wp\/v2\/posts"}],"about":[{"href":"http:\/\/referendarrat-sh.de\/index.php?rest_route=\/wp\/v2\/types\/post"}],"author":[{"embeddable":true,"href":"http:\/\/referendarrat-sh.de\/index.php?rest_route=\/wp\/v2\/users\/1"}],"replies":[{"embeddable":true,"href":"http:\/\/referendarrat-sh.de\/index.php?rest_route=%2Fwp%2Fv2%2Fcomments&post=9185"}],"version-history":[{"count":2,"href":"http:\/\/referendarrat-sh.de\/index.php?rest_route=\/wp\/v2\/posts\/9185\/revisions"}],"predecessor-version":[{"id":9188,"href":"http:\/\/referendarrat-sh.de\/index.php?rest_route=\/wp\/v2\/posts\/9185\/revisions\/9188"}],"wp:attachment":[{"href":"http:\/\/referendarrat-sh.de\/index.php?rest_route=%2Fwp%2Fv2%2Fmedia&parent=9185"}],"wp:term":[{"taxonomy":"category","embeddable":true,"href":"http:\/\/referendarrat-sh.de\/index.php?rest_route=%2Fwp%2Fv2%2Fcategories&post=9185"},{"taxonomy":"post_tag","embeddable":true,"href":"http:\/\/referendarrat-sh.de\/index.php?rest_route=%2Fwp%2Fv2%2Ftags&post=9185"}],"curies":[{"name":"wp","href":"https:\/\/api.w.org\/{rel}","templated":true}]}}