{"id":8929,"date":"2022-04-14T10:52:54","date_gmt":"2022-04-14T08:52:54","guid":{"rendered":"http:\/\/referendarrat-sh.de\/?p=8929"},"modified":"2022-04-14T10:53:44","modified_gmt":"2022-04-14T08:53:44","slug":"anwalts-und-wahlstation-bei-porsche-arbeitsrecht","status":"publish","type":"post","link":"http:\/\/referendarrat-sh.de\/?p=8929","title":{"rendered":"Anwalts- und Wahlstation bei Porsche (Arbeitsrecht)"},"content":{"rendered":"\n<p style=\"color:#023064\" class=\"has-text-color\">Mitteilung der <strong>Dr. Ing. h.c. F. Porsche AG.<\/strong> (Zuffenhausen)<br>Den Flyer findet ihr <strong><a href=\"http:\/\/referendarrat-sh.de\/wp-content\/uploads\/2022\/04\/201014_05_Porsche-Ausschreibung_Rechtsrefendar_Print.pdf\">hier<\/a><\/strong>.<\/p>\n\n\n\n<p><strong>Unser Erfolgsgeheimnis: einfach mal die Hierarchien tieferlegen.<\/strong><\/p>\n\n\n\n<p><strong>Wir suchen dich als:   <br>Rechtsreferendar (m\/w\/d)   <br>HR Compliance &amp; Arbeitsrecht<\/strong><\/p>\n\n\n\n<p>Als Rechtsreferendar (m\/w\/d) der Abteilung  HR Compliance &amp; Arbeitsrecht wirst Du umfassend auf die juristische Praxis vorbereitet. Ein Mentor begleitet Dich w\u00e4hrend deiner   Wahl- bzw. Anwaltsstation und f\u00f6rdert   Deine individuellen fachlichen und pers\u00f6nlichen St\u00e4rken. Du wirst aktiv in das operative Tagesgesch\u00e4ft eingebunden, in verschiedenen Teams eingesetzt und erh\u00e4ltst  dadurch einen hervorragenden Gesamteindruck von der Bandbreite der Themenfelder der Abteilung HR Compliance &amp; Arbeitsrecht.  <\/p>\n\n\n\n<p>Aufgaben: <\/p>\n\n\n\n<ul class=\"wp-block-list\"><li>Mitarbeit bei der Konzeption, Einf\u00fchrung und Weiterentwicklung von nationalen und weltweiten HR Compliance-Ma\u00dfnahmen <\/li><li>Mitwirkung bei der Bearbeitung von  individual- und kollektivarbeitsrechtlichen  Fragestellungen <\/li><li>Mitarbeit bei der Vorbereitung und Begleitung arbeitsgerichtlicher Verfahren <\/li><li>Mitarbeit bei der Aus- und \u00dcberarbeitung von (arbeits- und datenschutzrechtlichen) Vertr\u00e4gen<\/li><li>Spa\u00df am Arbeiten im Team <\/li><li>Unterst\u00fctzung bei der Durchf\u00fchrung von Wirksamkeitskontrollen und der anschlie\u00dfenden Erarbeitung von Prozessoptimierungen <\/li><li>Unterst\u00fctzung bei der Beratung der Fachabteilungen im Personalwesen in datenschutzrechtlichen Fragestellungen sowie Mitwirkung bei der Sicherstellung  der Umsetzung der DSGVO im Personalwesen <\/li><\/ul>\n\n\n\n<p>Qualifikationen: <\/p>\n\n\n\n<ul class=\"wp-block-list\"><li>Erfolgreich abgeschlossenes erstes juristisches Staatsexamen<\/li><li>Erste Praxiserfahrung w\u00fcnschenswert <\/li><li>Kenntnisse im Arbeits- und Datenschutzrecht <\/li><li>Sicherer Umgang mit MS Office<\/li><li>Gute Englischkenntnisse <\/li><li>Selbst\u00e4ndige und strukturierte  Arbeitsweise<\/li><li>Ausgepr\u00e4gte Automobilbegeisterung<\/li><\/ul>\n\n\n\n<p><strong>Beginn: <\/strong> flexibel <br><strong>Dauer:<\/strong>  3 bis 6 Monate <br><strong>Einsatzort: <\/strong>Zuffenhausen<\/p>\n\n\n\n<p>-Wir freuen uns auf deine   Bewerbung unter <a href=\"http:\/\/jobs.porsche.com\">jobs.porsche.com<\/a> <\/p>\n","protected":false},"excerpt":{"rendered":"<p>Mitteilung der Dr. Ing. h.c. F. Porsche AG. (Zuffenhausen)Den Flyer findet ihr hier. Unser Erfolgsgeheimnis: einfach mal die Hierarchien tieferlegen. Wir suchen dich als: Rechtsreferendar (m\/w\/d) HR Compliance &amp; Arbeitsrecht Als Rechtsreferendar (m\/w\/d) der Abteilung HR Compliance &amp; Arbeitsrecht wirst &hellip; <a href=\"http:\/\/referendarrat-sh.de\/?p=8929\">Weiterlesen <span class=\"meta-nav\">&rarr;<\/span><\/a><\/p>\n","protected":false},"author":1,"featured_media":0,"comment_status":"closed","ping_status":"closed","sticky":false,"template":"","format":"standard","meta":{"footnotes":""},"categories":[6],"tags":[],"class_list":["post-8929","post","type-post","status-publish","format-standard","hentry","category-stationsangebote"],"_links":{"self":[{"href":"http:\/\/referendarrat-sh.de\/index.php?rest_route=\/wp\/v2\/posts\/8929","targetHints":{"allow":["GET"]}}],"collection":[{"href":"http:\/\/referendarrat-sh.de\/index.php?rest_route=\/wp\/v2\/posts"}],"about":[{"href":"http:\/\/referendarrat-sh.de\/index.php?rest_route=\/wp\/v2\/types\/post"}],"author":[{"embeddable":true,"href":"http:\/\/referendarrat-sh.de\/index.php?rest_route=\/wp\/v2\/users\/1"}],"replies":[{"embeddable":true,"href":"http:\/\/referendarrat-sh.de\/index.php?rest_route=%2Fwp%2Fv2%2Fcomments&post=8929"}],"version-history":[{"count":2,"href":"http:\/\/referendarrat-sh.de\/index.php?rest_route=\/wp\/v2\/posts\/8929\/revisions"}],"predecessor-version":[{"id":8932,"href":"http:\/\/referendarrat-sh.de\/index.php?rest_route=\/wp\/v2\/posts\/8929\/revisions\/8932"}],"wp:attachment":[{"href":"http:\/\/referendarrat-sh.de\/index.php?rest_route=%2Fwp%2Fv2%2Fmedia&parent=8929"}],"wp:term":[{"taxonomy":"category","embeddable":true,"href":"http:\/\/referendarrat-sh.de\/index.php?rest_route=%2Fwp%2Fv2%2Fcategories&post=8929"},{"taxonomy":"post_tag","embeddable":true,"href":"http:\/\/referendarrat-sh.de\/index.php?rest_route=%2Fwp%2Fv2%2Ftags&post=8929"}],"curies":[{"name":"wp","href":"https:\/\/api.w.org\/{rel}","templated":true}]}}