{"id":8922,"date":"2022-04-11T16:56:12","date_gmt":"2022-04-11T14:56:12","guid":{"rendered":"http:\/\/referendarrat-sh.de\/?p=8922"},"modified":"2022-04-12T12:56:36","modified_gmt":"2022-04-12T10:56:36","slug":"anwaltsstation-in-flensburg-zivilrecht","status":"publish","type":"post","link":"http:\/\/referendarrat-sh.de\/?p=8922","title":{"rendered":"Anwaltsstation in Flensburg (Zivilrecht)"},"content":{"rendered":"\n<p style=\"color:#023064\" class=\"has-text-color\">Mitteilung der <strong>Backes und Vo\u00df Rechtsanw\u00e4lte Partnerschaft mbB.<\/strong><\/p>\n\n\n<p>Zur Verst\u00e4rkung und anwaltlichen Ausbildung sowie bei Eignung ggf. auch perspektivischen Erg\u00e4nzung \u00fcber die Pflicht-\/Wahlstation hinaus suchen wir regelm\u00e4\u00dfig engagierte Referendar(inn)e(n), insbesondere schwerpunktm\u00e4\u00dfig f\u00fcr die Bereiche IT-Recht &amp; Datenschutzrecht, Arbeitsrecht, gewerbliches Mietrecht &amp; WEG-Recht sowie Vergaberecht.<\/p>\n<p>Wir bieten Ihnen die pers\u00f6nliche und fachliche Weiterentwicklung durch regelm\u00e4\u00dfige pers\u00f6nliche Betreuung, herausfordernde und praxisrelevante T\u00e4tigkeiten, das Mitwirken bei der Betreuung unserer im Schwerpunkt gewerblichen Mandantschaft sowie die M\u00f6glichkeit, verantwortungsvolle und examensrelevante Aufgaben zu \u00fcbernehmen.<\/p>\n<p>Digitalisierung, Datenschutz und elektronischer Rechtsverkehr sind f\u00fcr Sie keine Fremdworte: Sie interessieren sich f\u00fcr die \u201eneuen\u201c Medien sowie IKT und nutzen selbst gerne technische Neuerungen.<\/p>\n<p>Sie haben gro\u00dfe Lust, die Anwaltsstation nicht nur als Pflichterf\u00fcllung zu absolvieren, sondern sind ernsthaft daran interessiert, in einer mittelst\u00e4ndischen wirtschaftsrechtlich ausgerichteten Kanzlei Praxisluft zu schnuppern, Verantwortung zu \u00fcbernehmen und Ihre Ideen einzubringen?<\/p>\n<p>Dann freuen wir uns \u00fcber Ihre <strong>Kontaktaufnahme<\/strong> <strong>unter<\/strong>:<\/p>\n<p class=\"has-text-align-center has-background\"><strong><a href=\"mailto:referendariat@rabv.de\" target=\"_blank\" rel=\"noreferrer noopener\">referendariat@rabv.de<\/a><\/strong><br \/>z. Hd. Herrn RA Strunk<\/p>\n<p>Backes und Vo\u00df Rechtsanw\u00e4lte Partnerschaft mbB<br \/><a href=\"https:\/\/www.rabv.de\">www.rabv.de<\/a><\/p>\n<p>\u00a0<\/p>","protected":false},"excerpt":{"rendered":"<p>Mitteilung der Backes und Vo\u00df Rechtsanw\u00e4lte Partnerschaft mbB. Zur Verst\u00e4rkung und anwaltlichen Ausbildung sowie bei Eignung ggf. auch perspektivischen Erg\u00e4nzung \u00fcber die Pflicht-\/Wahlstation hinaus suchen wir regelm\u00e4\u00dfig engagierte Referendar(inn)e(n), insbesondere schwerpunktm\u00e4\u00dfig f\u00fcr die Bereiche IT-Recht &amp; Datenschutzrecht, Arbeitsrecht, gewerbliches Mietrecht &hellip; <a href=\"http:\/\/referendarrat-sh.de\/?p=8922\">Weiterlesen <span class=\"meta-nav\">&rarr;<\/span><\/a><\/p>\n","protected":false},"author":2,"featured_media":0,"comment_status":"closed","ping_status":"closed","sticky":false,"template":"","format":"standard","meta":{"footnotes":""},"categories":[6],"tags":[],"class_list":["post-8922","post","type-post","status-publish","format-standard","hentry","category-stationsangebote"],"_links":{"self":[{"href":"http:\/\/referendarrat-sh.de\/index.php?rest_route=\/wp\/v2\/posts\/8922","targetHints":{"allow":["GET"]}}],"collection":[{"href":"http:\/\/referendarrat-sh.de\/index.php?rest_route=\/wp\/v2\/posts"}],"about":[{"href":"http:\/\/referendarrat-sh.de\/index.php?rest_route=\/wp\/v2\/types\/post"}],"author":[{"embeddable":true,"href":"http:\/\/referendarrat-sh.de\/index.php?rest_route=\/wp\/v2\/users\/2"}],"replies":[{"embeddable":true,"href":"http:\/\/referendarrat-sh.de\/index.php?rest_route=%2Fwp%2Fv2%2Fcomments&post=8922"}],"version-history":[{"count":1,"href":"http:\/\/referendarrat-sh.de\/index.php?rest_route=\/wp\/v2\/posts\/8922\/revisions"}],"predecessor-version":[{"id":8924,"href":"http:\/\/referendarrat-sh.de\/index.php?rest_route=\/wp\/v2\/posts\/8922\/revisions\/8924"}],"wp:attachment":[{"href":"http:\/\/referendarrat-sh.de\/index.php?rest_route=%2Fwp%2Fv2%2Fmedia&parent=8922"}],"wp:term":[{"taxonomy":"category","embeddable":true,"href":"http:\/\/referendarrat-sh.de\/index.php?rest_route=%2Fwp%2Fv2%2Fcategories&post=8922"},{"taxonomy":"post_tag","embeddable":true,"href":"http:\/\/referendarrat-sh.de\/index.php?rest_route=%2Fwp%2Fv2%2Ftags&post=8922"}],"curies":[{"name":"wp","href":"https:\/\/api.w.org\/{rel}","templated":true}]}}