{"id":8921,"date":"2022-04-09T14:58:08","date_gmt":"2022-04-09T12:58:08","guid":{"rendered":"http:\/\/referendarrat-sh.de\/?p=8921"},"modified":"2022-04-12T12:55:04","modified_gmt":"2022-04-12T10:55:04","slug":"referendare-und-wissenschaftliche-mitarbeiter-m-w-d","status":"publish","type":"post","link":"http:\/\/referendarrat-sh.de\/?p=8921","title":{"rendered":"Referendare und Wissenschaftliche Mitarbeiter (m\/w\/d)"},"content":{"rendered":"\n<p style=\"color:#023064\" class=\"has-text-color\">Mitteilung der <strong>Kanzlei<\/strong> <strong>ARNECKE SIBETH DABELSTEIN. <\/strong>(Hamburg)<\/p>\n\n\n<p>Wir suchen f\u00fcr unser B\u00fcro in Hamburg<\/p>\n<p>Referendare und Wissenschaftliche Mitarbeiter (m\/w\/d)<\/p>\n<p><span style=\"font-family: Calibri\">IHRE VERANTWORTUNG<\/span><\/p>\n<p><span style=\"font-family: Calibri\">\u2022 Sie arbeiten aktiv an spannenden Projekten mit und unterst\u00fctzen uns in der laufenden Mandatsarbeit<\/span><\/p>\n<p><span style=\"font-family: Calibri\">\u2022 Sie erstellen gerichtliche Schrifts\u00e4tze und au\u00dfergerichtliche Schreiben sowie interne Aktenvermerke <\/span><\/p>\n<p><span style=\"font-family: Calibri\">\u2022 Sie begleiten uns zu Gerichtsterminen und nehmen an Mandantengespr\u00e4chen teil <\/span><\/p>\n<p><span style=\"font-family: Calibri\">\u2022 Hinzu kommen abwechslungsreiche Recherchet\u00e4tigkeiten zu verschiedenen Themengebieten<\/span><\/p>\n<p><span style=\"font-family: Calibri\">IHRE QUALIFIKATIONEN<\/span><\/p>\n<p><span style=\"font-family: Calibri\">\u2022 Sie haben das Erste Staatsexamen \u00fcberdurchschnittlich bestanden<\/span><\/p>\n<p><span style=\"font-family: Calibri\">\u2022 Sie haben Spa\u00df an der Zusammenarbeit in einem sympathischen Team und sind stets auf der Suche nach innovativen L\u00f6sungen<\/span><\/p>\n<p><span style=\"font-family: Calibri\">\u2022 Sie \u00fcberzeugen uns mit Engagement, schauen auch \u00fcber den Tellerrand hinaus und verlieren dabei niemals den Blick f\u00fcrs Detail <\/span><\/p>\n<p><span style=\"font-family: Calibri\">\u2022 Ihre Englischkenntnisse sch\u00e4tzen Sie selbst als gut ein <\/span><\/p>\n<p><span style=\"font-family: Calibri\">IHRE BENEFITS &amp; PERSPEKTIVEN<\/span><\/p>\n<p><span style=\"font-family: Calibri\">\u2022 Sie sind von Beginn an in unser Team integriert und werden dabei durch eine\/n Mentorin\/Mentor pers\u00f6nlich gef\u00f6rdert<\/span><\/p>\n<p><span style=\"font-family: Calibri\">\u2022 Sie profitieren von standort\u00fcbergreifenden Fortbildungsveranstaltungen, Lunches, Anwaltsmeetings, Fitnessangeboten und Englischkursen<\/span><\/p>\n<p><span style=\"font-family: Calibri\">\u2022 Referendar\/-innen stellen wir zus\u00e4tzlich ein monatliches Budget f\u00fcr Klausurenkurse zur Verf\u00fcgung<\/span><\/p>\n<p><span style=\"font-family: Calibri\">\u2022 Wir vermitteln Ihnen gerne eine Wahlstation im Ausland <\/span><\/p>\n<p><span style=\"font-family: Calibri\">\u2022 Wir bereiten Sie ideal auf Ihre Zukunft als Anw\u00e4ltin\/Anwalt vor und bieten Ihnen gute \u00dcbernahmechancen<\/span><\/p>\n<p>WIR FREUEN UNS DARAUF; SIE KENNENzuLERNEN!<\/p>\n<p>Ihr Ansprechpartner:<\/p>\n<p>Johannes Jung (Personalreferent)<\/p>\n<p>T +49 69-979885-464<\/p>\n<p>Senden Sie Ihre Unterlagen bitte an: karriere@asd-law.com<\/p>","protected":false},"excerpt":{"rendered":"<p>Mitteilung der Kanzlei ARNECKE SIBETH DABELSTEIN. (Hamburg) Wir suchen f\u00fcr unser B\u00fcro in Hamburg Referendare und Wissenschaftliche Mitarbeiter (m\/w\/d) IHRE VERANTWORTUNG \u2022 Sie arbeiten aktiv an spannenden Projekten mit und unterst\u00fctzen uns in der laufenden Mandatsarbeit \u2022 Sie erstellen gerichtliche &hellip; <a href=\"http:\/\/referendarrat-sh.de\/?p=8921\">Weiterlesen <span class=\"meta-nav\">&rarr;<\/span><\/a><\/p>\n","protected":false},"author":2,"featured_media":0,"comment_status":"closed","ping_status":"closed","sticky":false,"template":"","format":"standard","meta":{"footnotes":""},"categories":[6],"tags":[],"class_list":["post-8921","post","type-post","status-publish","format-standard","hentry","category-stationsangebote"],"_links":{"self":[{"href":"http:\/\/referendarrat-sh.de\/index.php?rest_route=\/wp\/v2\/posts\/8921","targetHints":{"allow":["GET"]}}],"collection":[{"href":"http:\/\/referendarrat-sh.de\/index.php?rest_route=\/wp\/v2\/posts"}],"about":[{"href":"http:\/\/referendarrat-sh.de\/index.php?rest_route=\/wp\/v2\/types\/post"}],"author":[{"embeddable":true,"href":"http:\/\/referendarrat-sh.de\/index.php?rest_route=\/wp\/v2\/users\/2"}],"replies":[{"embeddable":true,"href":"http:\/\/referendarrat-sh.de\/index.php?rest_route=%2Fwp%2Fv2%2Fcomments&post=8921"}],"version-history":[{"count":1,"href":"http:\/\/referendarrat-sh.de\/index.php?rest_route=\/wp\/v2\/posts\/8921\/revisions"}],"predecessor-version":[{"id":8923,"href":"http:\/\/referendarrat-sh.de\/index.php?rest_route=\/wp\/v2\/posts\/8921\/revisions\/8923"}],"wp:attachment":[{"href":"http:\/\/referendarrat-sh.de\/index.php?rest_route=%2Fwp%2Fv2%2Fmedia&parent=8921"}],"wp:term":[{"taxonomy":"category","embeddable":true,"href":"http:\/\/referendarrat-sh.de\/index.php?rest_route=%2Fwp%2Fv2%2Fcategories&post=8921"},{"taxonomy":"post_tag","embeddable":true,"href":"http:\/\/referendarrat-sh.de\/index.php?rest_route=%2Fwp%2Fv2%2Ftags&post=8921"}],"curies":[{"name":"wp","href":"https:\/\/api.w.org\/{rel}","templated":true}]}}