{"id":8915,"date":"2022-03-30T12:48:22","date_gmt":"2022-03-30T10:48:22","guid":{"rendered":"http:\/\/referendarrat-sh.de\/?p=8915"},"modified":"2022-03-30T12:48:24","modified_gmt":"2022-03-30T10:48:24","slug":"stellenangebot-die-spd-buergerschaftsfraktion-sucht-einen-volljuristin-als-parlamentsreferentin","status":"publish","type":"post","link":"http:\/\/referendarrat-sh.de\/?p=8915","title":{"rendered":"Stellenangebot: Die SPD-B\u00fcrgerschaftsfraktion sucht eine:n Volljurist:in als  Parlamentsreferent:in"},"content":{"rendered":"\n<p style=\"color:#023064\" class=\"has-text-color\">Mitteilung der <strong>SPD-B\u00fcrgerschaftsfraktion des Landes Bremen.<\/strong><\/p>\n\n\n\n<p><strong>SPD-B\u00fcrgerschaftsfraktion des Landes Bremen<\/strong> sucht zum n\u00e4chstm\u00f6glichen Termin eine:n  <\/p>\n\n\n\n<p class=\"has-text-align-center\">Volljurist:in als Parlamentsreferent:in (m\/w\/d) <br>in Vollzeit <br>f\u00fcr den wissenschaftlichen Dienst der Fraktion, insbesondere f\u00fcr die Bereiche  Innenpolitik, Justiz, Verfassung, Petitionen und B\u00fcrger:innenbeteiligung.<\/p>\n\n\n\n<p><strong>Die Einstellung <\/strong>ist befristet bis zum Ende der 20. Wahlperiode der Bremischen B\u00fcrgerschaft. Eine Weiterbesch\u00e4ftigung \u00fcber den ausgeschriebenen Zeitraum  hinaus ist vorgesehen. <\/p>\n\n\n\n<p><strong>Das Aufgabengebiet umfasst im Wesentlichen <\/strong><\/p>\n\n\n\n<ul class=\"wp-block-list\"><li>die Vorbereitung politischer Initiativen im Team der wissenschaftlichen  Mitarbeiter:innen des SPD-Fraktionsb\u00fcros <\/li><li>Vorbereitung und Begleitung von Ausschuss- und Fraktionssitzungen    <\/li><li>Inhaltlich-wissenschaftliche sowie politische Zuarbeit f\u00fcr Abgeordnete der Bremischen B\u00fcrgerschaft<\/li><li>die fachliche Begleitung der Arbeit der Fraktionsf\u00fchrung und der Fachbereiche  <\/li><li>die inhaltliche und organisatorische Konzeption von Veranstaltungen  <\/li><li>die juris tische Beratung der Fraktionsf\u00fchrung<\/li><\/ul>\n\n\n\n<p>Voraussetzung f\u00fcr die Einstellung ist ein erfolgreich bestandenes Zweites Juristisches Staatsexamen (Volljurist:in). Berufserfahrung, politische Kenntnisse und gesellschaftliches Engagement sind erw\u00fcnscht. F\u00fcr ein erfolgreiches Wirken als Parlamentsreferent:in sind au\u00dferdem eine hohe Einsatzbereitschaft, Flexibilit\u00e4t, Kommunikationsfreudigkeit und die F\u00e4higkeit, im motivierten Team zu arbeiten, erforderlich.<\/p>\n\n\n\n<p>Besch\u00e4ftigte des \u00f6ffentlichen Dienstes der Freien Hansestadt Bremen k\u00f6nnen im Rahmen der Gestellung nach dem TV\u00d6D\/TV-L befristet \u00fcberlassen werden.<\/p>\n\n\n\n<p>Die Bezahlung erfolgt in Anlehnung an den Tarifvertrag f\u00fcr den \u00f6ffentlichen Dienst der L\u00e4nder. <\/p>\n\n\n\n<p>ANSPRECHPARTNER F\u00dcR  IHRE BEWERBUNG bei der SPD-Fraktion der Fraktion <\/p>\n\n\n\n<p>Wenn Sie sich f\u00fcr diese   interessante und ausgesprochen vielseitige T\u00e4tigkeit interessieren, senden Sie bitte Ihre vollst\u00e4ndigen Bewerbungsunterlagen bis zum  <strong>19. April 2022 <\/strong> an die  <br><br>SPD-B\u00fcrgerschaftsfraktion Land Bremen, <br>Frau Marieke Meinhart, <\/p>\n\n\n\n<p>bitte ausschlie\u00dflich per E-Mail: <a href=\"mailto:bewerbung@spd-bremen.de\">bewerbung@spd-bremen.de<\/a><br><\/p>\n","protected":false},"excerpt":{"rendered":"<p>Mitteilung der SPD-B\u00fcrgerschaftsfraktion des Landes Bremen. SPD-B\u00fcrgerschaftsfraktion des Landes Bremen sucht zum n\u00e4chstm\u00f6glichen Termin eine:n Volljurist:in als Parlamentsreferent:in (m\/w\/d) in Vollzeit f\u00fcr den wissenschaftlichen Dienst der Fraktion, insbesondere f\u00fcr die Bereiche Innenpolitik, Justiz, Verfassung, Petitionen und B\u00fcrger:innenbeteiligung. Die Einstellung ist &hellip; <a href=\"http:\/\/referendarrat-sh.de\/?p=8915\">Weiterlesen <span class=\"meta-nav\">&rarr;<\/span><\/a><\/p>\n","protected":false},"author":1,"featured_media":0,"comment_status":"closed","ping_status":"closed","sticky":false,"template":"","format":"standard","meta":{"footnotes":""},"categories":[6,38],"tags":[],"class_list":["post-8915","post","type-post","status-publish","format-standard","hentry","category-stationsangebote","category-stellenanzeigen"],"_links":{"self":[{"href":"http:\/\/referendarrat-sh.de\/index.php?rest_route=\/wp\/v2\/posts\/8915","targetHints":{"allow":["GET"]}}],"collection":[{"href":"http:\/\/referendarrat-sh.de\/index.php?rest_route=\/wp\/v2\/posts"}],"about":[{"href":"http:\/\/referendarrat-sh.de\/index.php?rest_route=\/wp\/v2\/types\/post"}],"author":[{"embeddable":true,"href":"http:\/\/referendarrat-sh.de\/index.php?rest_route=\/wp\/v2\/users\/1"}],"replies":[{"embeddable":true,"href":"http:\/\/referendarrat-sh.de\/index.php?rest_route=%2Fwp%2Fv2%2Fcomments&post=8915"}],"version-history":[{"count":1,"href":"http:\/\/referendarrat-sh.de\/index.php?rest_route=\/wp\/v2\/posts\/8915\/revisions"}],"predecessor-version":[{"id":8916,"href":"http:\/\/referendarrat-sh.de\/index.php?rest_route=\/wp\/v2\/posts\/8915\/revisions\/8916"}],"wp:attachment":[{"href":"http:\/\/referendarrat-sh.de\/index.php?rest_route=%2Fwp%2Fv2%2Fmedia&parent=8915"}],"wp:term":[{"taxonomy":"category","embeddable":true,"href":"http:\/\/referendarrat-sh.de\/index.php?rest_route=%2Fwp%2Fv2%2Fcategories&post=8915"},{"taxonomy":"post_tag","embeddable":true,"href":"http:\/\/referendarrat-sh.de\/index.php?rest_route=%2Fwp%2Fv2%2Ftags&post=8915"}],"curies":[{"name":"wp","href":"https:\/\/api.w.org\/{rel}","templated":true}]}}