{"id":8815,"date":"2022-01-31T17:23:26","date_gmt":"2022-01-31T15:23:26","guid":{"rendered":"http:\/\/referendarrat-sh.de\/?p=8815"},"modified":"2022-01-31T17:23:27","modified_gmt":"2022-01-31T15:23:27","slug":"fortbildung-materielles-strafrecht","status":"publish","type":"post","link":"http:\/\/referendarrat-sh.de\/?p=8815","title":{"rendered":"Fortbildung: Materielles Strafrecht"},"content":{"rendered":"\n<p style=\"color:#023064\" class=\"has-text-color\">Mitteilung des <strong>OLG.<\/strong><\/p>\n\n\n\n<p class=\"has-text-align-center\"><strong>Ausschreibung <br>Fortbildung f\u00fcr Referendarinnen und Referendare:  <br>Materielles Strafrecht<\/strong><\/p>\n\n\n\n<p class=\"has-text-align-center\">Fortbildungsveranstaltung <br>des Pr\u00e4sident des Schleswig-Holsteinischen Oberlandesgerichts<\/p>\n\n\n\n<p><strong>Termin: <\/strong><br>Block I: 21.03.\/22.03.2022 und  28.03.\/29.03.2022 <br>jeweils von 9 bis 1 4 Uhr  <\/p>\n\n\n\n<p><strong>Tagungsort: <\/strong><br>Au\u00dfenstelle der Staatsanwaltschaft Kiel <br>Knooper Weg 103 <br>24116 Kiel <br>2. OG\/Raum 239 <\/p>\n\n\n\n<p><em>Sollte die Pandemielage eine Pr\u00e4senzveranstaltung nicht zulassen , wird die  Fortbildung  online stattfinden. <\/em><\/p>\n\n\n\n<p><strong>Teilnahmevoraussetzungen:<\/strong><br>Um die Sicherheit angesichts der Corona-Pandemie zu erh\u00f6hen, ist die Teilnahme  voraussichtlich nur unter bestimmten Voraussetzungen m\u00f6glich. Wie diese im Zeitpunkt der Veranstaltungen aussehen werden, kann nicht sicher vorhergesagt  werden. Die ma\u00dfgeblichen Voraussetzungen werden Ihnen mit der Einladung zu der  Veranstaltung mitgeteilt werden. <\/p>\n\n\n\n<p><strong>Zielgruppe:<\/strong> <br>Die Fortbildung richtet sich an Referendarinnen und Referendare des Landes  Schleswig-Holstein, die Kenntnisl\u00fccken im materiellen Strafrecht schlie\u00dfen wollen. <\/p>\n\n\n\n<p><strong>Inhalte der Veranstaltung:<\/strong> Klausurrelevante Schwerpunkte des allgemeinen und besonderen Strafrechts im  Assessorexamen<\/p>\n\n\n\n<ul class=\"wp-block-list\"><li> Nichtverm\u00f6gensdelikte <\/li><li>Verm\u00f6gensdelikte <\/li><li>Allgemeiner Teil <\/li><\/ul>\n\n\n\n<p><strong>Referentin\/en: <\/strong><br>Staatsanwalt Matthias Pfaff <br>Staatsanwalt Detmar Kofent <br>Staatsanw\u00e4ltin  Meylin Pietzsch <br>Oberstaatsanwalt Dr. Martin Soyka <br>&#8211; alle Staatsanwaltschaft Kiel  &#8211; <\/p>\n\n\n\n<p><strong>Teilnehmerzahl:<\/strong> <br>Max. 15 <\/p>\n\n\n\n<p><strong>Anmeldungen:<\/strong> <br>Die Anmeldung erfolgt <strong>nur per Mail<\/strong> und  <strong>unter Angabe des Einstellungsdatums<\/strong> an <\/p>\n\n\n\n<p class=\"has-text-align-center\"><a href=\"mailto:olg-fortbildung@olg.landsh.de\">olg-fortbildung@olg.landsh.de<\/a> <\/p>\n\n\n\n<p><strong>bis zum 25. Februar 2022 . <\/strong><\/p>\n\n\n\n<p><strong>Die Pl\u00e4tze werden  vorrangig  nach Dienstalter , nachrangig nach  Eingangsdatum der Anmeldung  vergeben. <\/strong><\/p>\n\n\n\n<p><strong>Hinweise: <\/strong><br>Teilnehmerinnen  und  Teilnehmer  mit  Behinderungen  werden  gebeten,  etwaigen  Hilfsbedarf  mit  der  Anmeldung  mitzuteilen,  damit  die  notwendigen  Vorkehrungen  getroffen werden k\u00f6nnen. <\/p>\n\n\n\n<p><strong>Kosten: <\/strong><br>Die  Kosten  der  Veranstaltung  werden  \u00fcbernommen.  Reisekosten  werden  nicht erstattet. <\/p>\n\n\n\n<p><strong><em>Es wird darauf hingewiesen, dass  Tagungsgetr\u00e4nke etc.  im Tagungshaus  nicht  zur Verf\u00fcgung stehen. <\/em><\/strong><\/p>\n\n\n\n<p><strong>Hinweis Covid19:<\/strong> <br>Personen   haben   im   gesamten   Tagungsbereich   einen   Sicherheitsabstand   von  mindestens 1,5 m zueinander einzuhalten, und zwar sowohl in den Geb\u00e4uden als auch  im  Freien. Wo dieser Sicherheitsabstand  von  1,5  m nicht eingehalten  werden  kann,  gilt sowohl im Geb\u00e4ude als auch im Freien die Pflicht zum Tragen eines \u201eNasen- und  Mundschutzes\u201c (Maske). \u200b <\/p>\n\n\n\n<p>In  den  Tagungsr\u00e4umen  und  sonstigen  Aufenthaltsbereichen  ist  die  M\u00f6blierung  zur  Wahrung  des  Mindestabstandes  von  1,5  m  angepasst;  dieser  Abstand  darf  nicht  eigenm\u00e4chtig verringert werden.  <\/p>\n\n\n\n<p>In  den  Tagungsh\u00e4usern  werden  Desinfektionsmittel  vorgehalten  und  es  gelten  die  dortigen Hygiene &#8211; und Abstandsvorschriften.<\/p>\n","protected":false},"excerpt":{"rendered":"<p>Mitteilung des OLG. Ausschreibung Fortbildung f\u00fcr Referendarinnen und Referendare: Materielles Strafrecht Fortbildungsveranstaltung des Pr\u00e4sident des Schleswig-Holsteinischen Oberlandesgerichts Termin: Block I: 21.03.\/22.03.2022 und 28.03.\/29.03.2022 jeweils von 9 bis 1 4 Uhr Tagungsort: Au\u00dfenstelle der Staatsanwaltschaft Kiel Knooper Weg 103 24116 Kiel &hellip; <a href=\"http:\/\/referendarrat-sh.de\/?p=8815\">Weiterlesen <span class=\"meta-nav\">&rarr;<\/span><\/a><\/p>\n","protected":false},"author":1,"featured_media":0,"comment_status":"closed","ping_status":"closed","sticky":false,"template":"","format":"standard","meta":{"footnotes":""},"categories":[41],"tags":[],"class_list":["post-8815","post","type-post","status-publish","format-standard","hentry","category-offizielle-veranstaltungen-und-mitteilungen"],"_links":{"self":[{"href":"http:\/\/referendarrat-sh.de\/index.php?rest_route=\/wp\/v2\/posts\/8815","targetHints":{"allow":["GET"]}}],"collection":[{"href":"http:\/\/referendarrat-sh.de\/index.php?rest_route=\/wp\/v2\/posts"}],"about":[{"href":"http:\/\/referendarrat-sh.de\/index.php?rest_route=\/wp\/v2\/types\/post"}],"author":[{"embeddable":true,"href":"http:\/\/referendarrat-sh.de\/index.php?rest_route=\/wp\/v2\/users\/1"}],"replies":[{"embeddable":true,"href":"http:\/\/referendarrat-sh.de\/index.php?rest_route=%2Fwp%2Fv2%2Fcomments&post=8815"}],"version-history":[{"count":1,"href":"http:\/\/referendarrat-sh.de\/index.php?rest_route=\/wp\/v2\/posts\/8815\/revisions"}],"predecessor-version":[{"id":8816,"href":"http:\/\/referendarrat-sh.de\/index.php?rest_route=\/wp\/v2\/posts\/8815\/revisions\/8816"}],"wp:attachment":[{"href":"http:\/\/referendarrat-sh.de\/index.php?rest_route=%2Fwp%2Fv2%2Fmedia&parent=8815"}],"wp:term":[{"taxonomy":"category","embeddable":true,"href":"http:\/\/referendarrat-sh.de\/index.php?rest_route=%2Fwp%2Fv2%2Fcategories&post=8815"},{"taxonomy":"post_tag","embeddable":true,"href":"http:\/\/referendarrat-sh.de\/index.php?rest_route=%2Fwp%2Fv2%2Ftags&post=8815"}],"curies":[{"name":"wp","href":"https:\/\/api.w.org\/{rel}","templated":true}]}}