{"id":8703,"date":"2022-03-31T16:21:08","date_gmt":"2022-03-31T14:21:08","guid":{"rendered":"http:\/\/referendarrat-sh.de\/?p=8703"},"modified":"2022-03-31T16:21:36","modified_gmt":"2022-03-31T14:21:36","slug":"examenstraining-2022","status":"publish","type":"post","link":"http:\/\/referendarrat-sh.de\/?p=8703","title":{"rendered":"Examenstraining 2022"},"content":{"rendered":"\n<p style=\"color:#023064\" class=\"has-text-color\">Mitteilung des <strong>LG L\u00fcbeck<\/strong>.<br>Den Flyer findet ihr <strong><a href=\"http:\/\/referendarrat-sh.de\/wp-content\/uploads\/2021\/12\/DCB-Training-2022-mai-A3-Poster-small.pdf\">hier<\/a><\/strong>.<\/p>\n\n\n\n<p>Das Landgericht L\u00fcbeck bietet am <strong>6. und 7. Mai  2022<\/strong> erneut ein Examenstraining an. Dieses Seminar ist eine Veranstaltung des Landgerichts L\u00fcbeck in Zusammenarbeit mit communicare. Sie wird gef\u00f6rdert von der Dr. Carl B\u00f6se Stiftung.<\/p>\n\n\n\n<p>Die letzten Durchg\u00e4nge im Examen zeigen wieder, dass die Kandidatinnen und Kandidaten solide bis \u00fcberragende Rechtskenntnisse haben, es aber rhetorisch nicht r\u00fcberbringen und sich damit selbst im Weg stehen<\/p>\n\n\n\n<p><strong>Themen:<\/strong><\/p>\n\n\n\n<ul class=\"wp-block-list\"><li>Rhetorik<\/li><li>Arbeitstechnik<\/li><li>Selbstsicherheit<\/li><li>gutes Deutsch<\/li><\/ul>\n\n\n\n<p><strong>2 Tage intensives Training:<\/strong><\/p>\n\n\n\n<ul class=\"wp-block-list\"><li>Schreibwerkstatt<\/li><li>Klausuren<\/li><li>Aktenvortr\u00e4ge<\/li><\/ul>\n\n\n\n<p><strong>Datum:<br>6. und 7. Mai<\/strong><\/p>\n\n\n\n<p><strong>Anmeldung:<\/strong><br><strong>bis zum 29.04.2022<\/strong> bei <a href=\"mailto:ingo.socha@ag-luebeck.landsh.de\">ingo.socha@ag-luebeck.landsh.de<\/a><\/p>\n","protected":false},"excerpt":{"rendered":"<p>Mitteilung des LG L\u00fcbeck.Den Flyer findet ihr hier. Das Landgericht L\u00fcbeck bietet am 6. und 7. Mai 2022 erneut ein Examenstraining an. Dieses Seminar ist eine Veranstaltung des Landgerichts L\u00fcbeck in Zusammenarbeit mit communicare. Sie wird gef\u00f6rdert von der Dr. &hellip; <a href=\"http:\/\/referendarrat-sh.de\/?p=8703\">Weiterlesen <span class=\"meta-nav\">&rarr;<\/span><\/a><\/p>\n","protected":false},"author":1,"featured_media":0,"comment_status":"closed","ping_status":"closed","sticky":false,"template":"","format":"standard","meta":{"footnotes":""},"categories":[41],"tags":[],"class_list":["post-8703","post","type-post","status-publish","format-standard","hentry","category-offizielle-veranstaltungen-und-mitteilungen"],"_links":{"self":[{"href":"http:\/\/referendarrat-sh.de\/index.php?rest_route=\/wp\/v2\/posts\/8703","targetHints":{"allow":["GET"]}}],"collection":[{"href":"http:\/\/referendarrat-sh.de\/index.php?rest_route=\/wp\/v2\/posts"}],"about":[{"href":"http:\/\/referendarrat-sh.de\/index.php?rest_route=\/wp\/v2\/types\/post"}],"author":[{"embeddable":true,"href":"http:\/\/referendarrat-sh.de\/index.php?rest_route=\/wp\/v2\/users\/1"}],"replies":[{"embeddable":true,"href":"http:\/\/referendarrat-sh.de\/index.php?rest_route=%2Fwp%2Fv2%2Fcomments&post=8703"}],"version-history":[{"count":2,"href":"http:\/\/referendarrat-sh.de\/index.php?rest_route=\/wp\/v2\/posts\/8703\/revisions"}],"predecessor-version":[{"id":8917,"href":"http:\/\/referendarrat-sh.de\/index.php?rest_route=\/wp\/v2\/posts\/8703\/revisions\/8917"}],"wp:attachment":[{"href":"http:\/\/referendarrat-sh.de\/index.php?rest_route=%2Fwp%2Fv2%2Fmedia&parent=8703"}],"wp:term":[{"taxonomy":"category","embeddable":true,"href":"http:\/\/referendarrat-sh.de\/index.php?rest_route=%2Fwp%2Fv2%2Fcategories&post=8703"},{"taxonomy":"post_tag","embeddable":true,"href":"http:\/\/referendarrat-sh.de\/index.php?rest_route=%2Fwp%2Fv2%2Ftags&post=8703"}],"curies":[{"name":"wp","href":"https:\/\/api.w.org\/{rel}","templated":true}]}}