{"id":8423,"date":"2021-07-30T13:00:00","date_gmt":"2021-07-30T11:00:00","guid":{"rendered":"http:\/\/referendarrat-sh.de\/?p=8423"},"modified":"2021-07-30T12:13:38","modified_gmt":"2021-07-30T10:13:38","slug":"ausschreibung-regionalvorhaben-foerderung-von-rechtsstaatlichkeit-und-justiz-in-afrika","status":"publish","type":"post","link":"http:\/\/referendarrat-sh.de\/?p=8423","title":{"rendered":"Ausschreibung: Regionalvorhaben &#8222;F\u00f6rderung von Rechtsstaatlichkeit und Justiz in Afrika&#8220;"},"content":{"rendered":"\n<p style=\"color:#023064\" class=\"has-text-color\"><em>Mitteilung der <\/em><strong><em>Deutsche Gesellschaft f\u00fcr Internationale Zusammenarbeit (GIZ) GmbH<\/em><\/strong><\/p>\n\n\n\n<p><strong>Ausschreibungen f\u00fcr Referendare\/innen<\/strong>  <\/p>\n\n\n\n<p><strong>Regionalvorhaben &#8222;F\u00f6rderung von Rechtsstaatlichkeit und Justiz in Afrika&#8220;<\/strong> <\/p>\n\n\n\n<p><strong>Standort: <\/strong>Wir suchen f\u00fcr den Standort Eschborn\/Deutschland eine\/n Rechtsreferendar\/in  (m\/w) f\u00fcr ein regionales Rechtsstaatsf\u00f6rderungsprojekt in Afrika  <br><\/p>\n\n\n\n<p><strong>Einsatzzeitraum: <\/strong>ab dem 01. 12 .20 21 immer wieder quartalsweise f\u00fcr drei Monate  (bis  30.06.22) Bitte  <br>\u27a2 geb en Sie Ihren gew\u00fcnschten Einsatzzeitraum an <br>\u27a2 bewerben Sie sich m\u00f6glichst fr\u00fchzeitig <br>\u27a2 sehen Sie von Anfragen nach k\u00fcrzeren (l\u00e4ngere sind w\u00e4hrend des Referendariats  m\u00f6glich) <\/p>\n\n\n\n<p><strong>Einsatzzeitr\u00e4umen ab Bewerbungsfrist:<\/strong> Keine, da fortlaufend  <\/p>\n\n\n\n<p><strong>Das T\u00e4tigkeitsfeld (Kurzbeschreibung des Projektes): <\/strong><br>Das Regionalprojekt \u201eF\u00f6rderung von Rechtsstaatlichkeit und Justiz in Afrika\u201c arbeitet in drei  Handlungsfeldern: <\/p>\n\n\n\n<ul class=\"wp-block-list\"><li>1. HF 1: Rechtliche Identit\u00e4t: In diesem Bereich  ber\u00e4t das Vorhaben bei der Modernisierung und Digitalisierung  von zivilen Registrierungssystemen. Die Modernisierung umfasst einmal  \u201eklassische\u201c Elemente der Verwaltungs &#8211; , Rechts &#8211; und Organisationsreform &#8211; Beratung. In einem zweiten Schritt hin zur Digitalis ierung werden daran  anschlie\u00dfend alle zus\u00e4tzlich erforderlichen Aspekte wie z.B. die elektronische Akte  oder das elektronische Einwohnermeldeamt etc. gef\u00f6rdert. <br><\/li><li>2. HF 2: Zugang zum Recht und rechtliche Rahmenbedingungen f\u00fcr  Unternehmer*innen:  Im Bereich der  Verbesserung des Zugangs zu Recht sind die zivilen,  wirtschaftlichen und sozialen Rechte in den Fokus zu nehmen. Rechtsberatungshilfe und die Verbesserungen bei Streitigkeiten auf dem Gebiet des  Handelsrechts (Handels &#8211; und Schiedsgerichtsbarkeit) stehen hi er im Mittelpunkt.  <br><\/li><li>3. HF 3: Justizielle Integrit\u00e4t:  Im Handlungsfeld \u201eIntegrit\u00e4t in der Justiz\u201c kooperiert das Vorhaben mit dem global  agierenden Netzwerk der UNODC \u201eGlobal Judicial Integrity Network\u201c (GJIN) sowie  mit der weltweit t\u00e4tigen \u201eJudicial Integrit y Group\u201c (JIG) bei der weiteren Verbreitung  der Bangalore Principles bzw. entsprechender regionaler Ans\u00e4tze aus  Lateinamerika und Asien. Zudem sollen die Prinzipien des deutsch &#8211; chinesischen Rechtsstaatsdialogs  einbezogen werden.  <\/li><\/ul>\n\n\n\n<p>Derzeit arbeitet das Vorhaben vorwiegend in den L\u00e4ndern Ghana und Elfenbeink\u00fcste sowie  in der Maghreb Region . Weitere k\u00f6nnen noch hinzukommen. Ein spezieller Focus liegt auf  den Reformpartnerl\u00e4ndern und der Zusammenarbeit mit Regionalorganisationen.  <\/p>\n\n\n\n<p><strong>Die Aufgaben: <\/strong><br>Sie unterst\u00fctz en das  Regionalprojekt \u201eF\u00f6rderung von Rechtsstaatlichkeit und Justiz in  Afrika\u201c  bei allen Aufgaben, die es im Rahmen der Beratung unserer lokalen Partner zur  Reform der dortigen Rechtssysteme erf\u00fcllt. Hierzu geh\u00f6ren insbesondere: <\/p>\n\n\n\n<ul class=\"wp-block-list\"><li>Recherchen und Berichterst attungen zu juristischen Fragestellungen <\/li><li>Organisatorische Vorbereitung von Veranstaltungen<\/li><li>\u200bErarbeitung von Hintergrundpapieren und Pr\u00e4sentationen <\/li><li>Beratungsleistungen  <\/li><li>Einhaltung von Nachhaltigkeitsstandards <\/li><li>Bearbeitung von Vorg\u00e4ngen im Auftragsmanagement  <\/li><\/ul>\n\n\n\n<p><strong>Die Anforderungen:  <\/strong><\/p>\n\n\n\n<ul class=\"wp-block-list\"><li>Erstes juristisches Staatsexamen   <\/li><li>Englisch verhandlungssicher in Wort und Schrift; Franz\u00f6sisch w\u00fcnschenswert  verhandlungssicher in Wort und Schrift <\/li><li>Interesse am Themenfeld \u201eF\u00f6rderung v on Rechtsstaatlichkeit\u201c <\/li><li>Ausgepr\u00e4gte interkulturelle Neugier und Sensibilit\u00e4t <\/li><li>Bereitschaft, sich in ein interkulturelles Arbeitsfeld mit einem dergestalt  zusammengesetzten Team einzuarbeiten und einzuf\u00fcgen <\/li><li>Vorerfahrung in der Region ist w\u00fcnschenswert, aber  keine Voraussetzung <\/li><li>Bereitschaft zu Dienstreisen nach Afrika, vornehmlich in die Reformpartnerl\u00e4nder  <\/li><\/ul>\n\n\n\n<p><strong>Hinweise: <\/strong><\/p>\n\n\n\n<ul class=\"wp-block-list\"><li>Wir m\u00f6chten ausdr\u00fccklich darauf hinweisen, dass wir ausschlie\u00dflich  Referendarstellen mit einer dreimonatigen Mindestdauer anbieten <\/li><li>Bitte  sehen Sie von Bewerbungen mit k\u00fcrzeren Zeitr\u00e4umen, insbesondere mittels  deutlicher Verk\u00fcrzung durch Urlaub, ab <\/li><\/ul>\n\n\n\n<p>F\u00fcr inhaltliche R\u00fcckfragen steht Ihnen Frau Vanessa Egert (vanessa.egert@giz.de)  zur  Verf\u00fcgung.<\/p>\n","protected":false},"excerpt":{"rendered":"<p>Mitteilung der Deutsche Gesellschaft f\u00fcr Internationale Zusammenarbeit (GIZ) GmbH Ausschreibungen f\u00fcr Referendare\/innen Regionalvorhaben &#8222;F\u00f6rderung von Rechtsstaatlichkeit und Justiz in Afrika&#8220; Standort: Wir suchen f\u00fcr den Standort Eschborn\/Deutschland eine\/n Rechtsreferendar\/in (m\/w) f\u00fcr ein regionales Rechtsstaatsf\u00f6rderungsprojekt in Afrika Einsatzzeitraum: ab dem 01. &hellip; <a href=\"http:\/\/referendarrat-sh.de\/?p=8423\">Weiterlesen <span class=\"meta-nav\">&rarr;<\/span><\/a><\/p>\n","protected":false},"author":1,"featured_media":0,"comment_status":"closed","ping_status":"closed","sticky":false,"template":"","format":"standard","meta":{"footnotes":""},"categories":[5,6],"tags":[],"class_list":["post-8423","post","type-post","status-publish","format-standard","hentry","category-externe-angebote-veranstaltungen-und-mitteilungen","category-stationsangebote"],"_links":{"self":[{"href":"http:\/\/referendarrat-sh.de\/index.php?rest_route=\/wp\/v2\/posts\/8423","targetHints":{"allow":["GET"]}}],"collection":[{"href":"http:\/\/referendarrat-sh.de\/index.php?rest_route=\/wp\/v2\/posts"}],"about":[{"href":"http:\/\/referendarrat-sh.de\/index.php?rest_route=\/wp\/v2\/types\/post"}],"author":[{"embeddable":true,"href":"http:\/\/referendarrat-sh.de\/index.php?rest_route=\/wp\/v2\/users\/1"}],"replies":[{"embeddable":true,"href":"http:\/\/referendarrat-sh.de\/index.php?rest_route=%2Fwp%2Fv2%2Fcomments&post=8423"}],"version-history":[{"count":1,"href":"http:\/\/referendarrat-sh.de\/index.php?rest_route=\/wp\/v2\/posts\/8423\/revisions"}],"predecessor-version":[{"id":8424,"href":"http:\/\/referendarrat-sh.de\/index.php?rest_route=\/wp\/v2\/posts\/8423\/revisions\/8424"}],"wp:attachment":[{"href":"http:\/\/referendarrat-sh.de\/index.php?rest_route=%2Fwp%2Fv2%2Fmedia&parent=8423"}],"wp:term":[{"taxonomy":"category","embeddable":true,"href":"http:\/\/referendarrat-sh.de\/index.php?rest_route=%2Fwp%2Fv2%2Fcategories&post=8423"},{"taxonomy":"post_tag","embeddable":true,"href":"http:\/\/referendarrat-sh.de\/index.php?rest_route=%2Fwp%2Fv2%2Ftags&post=8423"}],"curies":[{"name":"wp","href":"https:\/\/api.w.org\/{rel}","templated":true}]}}