{"id":8407,"date":"2021-07-26T16:00:00","date_gmt":"2021-07-26T14:00:00","guid":{"rendered":"http:\/\/referendarrat-sh.de\/?p=8407"},"modified":"2021-07-26T15:52:58","modified_gmt":"2021-07-26T13:52:58","slug":"stellenausschreibungen-bei-dem-conseil-detat-frankreich","status":"publish","type":"post","link":"http:\/\/referendarrat-sh.de\/?p=8407","title":{"rendered":"Stellenausschreibungen bei dem Conseil d\u2019\u00c9tat \/ Frankreich"},"content":{"rendered":"\n<p style=\"color:#023064\" class=\"has-text-color\"><em>Mitteilung des Ministeriums der Justiz des Landes Nordrhein-Westfalen<\/em><br><em>Die<\/em> <em>PDF der Ausschreibung<\/em> <em>findet ihr <strong><a href=\"http:\/\/referendarrat-sh.de\/wp-content\/uploads\/2021\/07\/Ausschreibung-Stage-au-Conseil.pdf\">hier<\/a><\/strong>.<\/em><\/p>\n\n\n\n<p><strong>Stellenausschreibungen f\u00fcr deutsche Rechtsreferendarinnen \/ Rechtsreferendare bei dem Conseil d\u2019\u00c9tat \/ Frankreich<\/strong><\/p>\n\n\n\n<p>Der Conseil d\u2019\u00c9tat bietet jeweils in den Zeitr\u00e4umen vom 01.01. bis 31.03. und 01.04. bis 30.06. eine Stelle f\u00fcr eine(n) deutsche(n) Rechtsreferendar(in) an. Die n\u00e4chste Stelle kann mithin zum 01.01.2022 besetzt werden. Die <strong>Bewerbungsfrist<\/strong> hierf\u00fcr endet am <strong>30.09.2021<\/strong>.\u00a0<\/p>\n\n\n\n<p>Bei dem Conseil d\u2019\u00c9tat handelt es sich um eine hochrangige, franz\u00f6sische Justizinstitution ohne unmittelbare Entsprechung hierzulande. Zum einen fungiert der Conseil d\u2019\u00c9tat als oberstes franz\u00f6sisches Verwaltungsgericht, zum anderen als rechtliches Beratungsgremium der franz\u00f6sischen Regierung.<\/p>\n\n\n\n<p>Ich w\u00e4re Ihnen dankbar, wenn Sie die Referendarinnen und Referendare Ihres Gesch\u00e4ftsbereichs auf diese Ausschreibung aufmerksam machen k\u00f6nnten. Die Anforderungen an die Stelle sowie die einzureichenden Bewerbungsunterlagen und -fristen ergeben sich aus der beigef\u00fcgten Stellenausschreibung.&nbsp;<\/p>\n\n\n\n<p>Die Bewerbung erfolgt unmittelbar an die in der Stellenausschreibung angegebene Kontaktperson bei dem Conseil d\u2019\u00c8tat.&nbsp;<\/p>\n\n\n\n<p>Im Auftrag<br>Dr. Dylla-Krebs<\/p>\n\n\n\n<p style=\"color:#023064\" class=\"has-text-color\"><em>Die<\/em> <em>PDF der Ausschreibung<\/em> <em>findet ihr <strong><a href=\"http:\/\/referendarrat-sh.de\/wp-content\/uploads\/2021\/07\/Ausschreibung-Stage-au-Conseil.pdf\">hier<\/a><\/strong>.<\/em><\/p>\n","protected":false},"excerpt":{"rendered":"<p>Mitteilung des Ministeriums der Justiz des Landes Nordrhein-WestfalenDie PDF der Ausschreibung findet ihr hier. Stellenausschreibungen f\u00fcr deutsche Rechtsreferendarinnen \/ Rechtsreferendare bei dem Conseil d\u2019\u00c9tat \/ Frankreich Der Conseil d\u2019\u00c9tat bietet jeweils in den Zeitr\u00e4umen vom 01.01. bis 31.03. und 01.04. &hellip; <a href=\"http:\/\/referendarrat-sh.de\/?p=8407\">Weiterlesen <span class=\"meta-nav\">&rarr;<\/span><\/a><\/p>\n","protected":false},"author":1,"featured_media":0,"comment_status":"closed","ping_status":"closed","sticky":false,"template":"","format":"standard","meta":{"footnotes":""},"categories":[5,6],"tags":[],"class_list":["post-8407","post","type-post","status-publish","format-standard","hentry","category-externe-angebote-veranstaltungen-und-mitteilungen","category-stationsangebote"],"_links":{"self":[{"href":"http:\/\/referendarrat-sh.de\/index.php?rest_route=\/wp\/v2\/posts\/8407","targetHints":{"allow":["GET"]}}],"collection":[{"href":"http:\/\/referendarrat-sh.de\/index.php?rest_route=\/wp\/v2\/posts"}],"about":[{"href":"http:\/\/referendarrat-sh.de\/index.php?rest_route=\/wp\/v2\/types\/post"}],"author":[{"embeddable":true,"href":"http:\/\/referendarrat-sh.de\/index.php?rest_route=\/wp\/v2\/users\/1"}],"replies":[{"embeddable":true,"href":"http:\/\/referendarrat-sh.de\/index.php?rest_route=%2Fwp%2Fv2%2Fcomments&post=8407"}],"version-history":[{"count":3,"href":"http:\/\/referendarrat-sh.de\/index.php?rest_route=\/wp\/v2\/posts\/8407\/revisions"}],"predecessor-version":[{"id":8412,"href":"http:\/\/referendarrat-sh.de\/index.php?rest_route=\/wp\/v2\/posts\/8407\/revisions\/8412"}],"wp:attachment":[{"href":"http:\/\/referendarrat-sh.de\/index.php?rest_route=%2Fwp%2Fv2%2Fmedia&parent=8407"}],"wp:term":[{"taxonomy":"category","embeddable":true,"href":"http:\/\/referendarrat-sh.de\/index.php?rest_route=%2Fwp%2Fv2%2Fcategories&post=8407"},{"taxonomy":"post_tag","embeddable":true,"href":"http:\/\/referendarrat-sh.de\/index.php?rest_route=%2Fwp%2Fv2%2Ftags&post=8407"}],"curies":[{"name":"wp","href":"https:\/\/api.w.org\/{rel}","templated":true}]}}