{"id":8376,"date":"2021-07-07T18:00:00","date_gmt":"2021-07-07T16:00:00","guid":{"rendered":"http:\/\/referendarrat-sh.de\/?p=8376"},"modified":"2021-07-07T17:08:06","modified_gmt":"2021-07-07T15:08:06","slug":"ehrenamtliche-juristinnen-fuer-den-klimaschutz-gesucht","status":"publish","type":"post","link":"http:\/\/referendarrat-sh.de\/?p=8376","title":{"rendered":"Ehrenamtliche Jurist*innen f\u00fcr den Klimaschutz gesucht"},"content":{"rendered":"\n<p style=\"color:#023064\" class=\"has-text-color\"><em>Mitteilung der Klimaschutzorganisation GermanZero e.V.<\/em><\/p>\n\n\n\n<p>Die gemeinn\u00fctzige Klimaschutzorganisation GermanZero e.V. ist auf der Suche nach Jurist*innen, die den Verein ehrenamtlich unterst\u00fctzen. Konkret geht es um den Entwurf von Gesetzestexten (Normierung und Begr\u00fcndung) auf der Basis der Ma\u00dfnahmenvorschl\u00e4ge f\u00fcr ein 1,5-Grad-Gesetzespaket, die Germanzero im Juni der \u00d6ffentlichkeit vorgestellt hat:<\/p>\n\n\n\n<p><a href=\"https:\/\/www.germanzero.de\/media\/pages\/assets\/32045b6d7e-1623186112\/GermanZero_Massnahmenkatalog_210608.pdf\">Ma\u00dfnahmenkatalog<\/a><\/p>\n\n\n\n<p>Dieses integrierte, \u00fcber alle Sektoren reichende 1,5-Grad-Gesetzespaket ist ein komplexes Unterfangen in mehreren Schritten. Auf konventionelle Art und Weise k\u00f6nnte so ein Gesetzespaket nur entstehen, wenn sich mindestens 120 Ministerialreferate daf\u00fcr abstimmen: this is not going to happen. Deshalb braucht es einen unkonventionellen, bottom-up-organisierten und technisch flankierten Ansatz.&nbsp;<\/p>\n\n\n\n<p>Zun\u00e4chst haben wir mit unseren Researchern f\u00fcr alle Herausforderungen der Treibhausgasneutralit\u00e4t die in Literatur, Studien und Rechtsvergleichung enthaltenen Policy-Optionen und die jeweiligen Argumente daf\u00fcr und dagegen herausgearbeitet. Die aus unserer Sicht besten Regelungsmodelle haben wir mit Unterst\u00fctzung technischer Fachleute, Wissenschaftler*innen, Unternehmer*innen und Jurist*innen jeweils in Thesen zusammengefasst. In unserem digitalen Werkstatt-Format wurden diese Thesen mit Stakeholdern und Expert*innen konstruktiv diskutiert, \u00fcberarbeitet und weiterentwickelt.&nbsp;<\/p>\n\n\n\n<p><strong>Die in Form von Thesenpapieren ver\u00f6ffentlichten Ma\u00dfnahmen m\u00fcssen jetzt von Jurist*innen in Normen \u201e\u00fcbersetzt\u201c und ausformuliert werden.<\/strong>&nbsp;Dabei ist sowohl die europ\u00e4ische als auch die nationale Ebene ist in unseren Vorschl\u00e4gen adressiert. Dies haben wir nun bereits im Sektor Landwirtschaft getan. Als n\u00e4chste geht es um die Sektoren Verkehr, Industrie, Geb\u00e4ude\/W\u00e4rme sowie um den CO2-Preis und die \u00dcberarbeitung des Klimaschutzgesetzes. Hierf\u00fcr sucht das Legal Team von GermanZero ehrenamtliche Unterst\u00fctzer*innen. Die Arbeit kann allein oder im Team erfolgen, der Zeiteinsatz ist frei w\u00e4hlbar und soll in den Monaten Juli, August, September erfolgen.&nbsp;<\/p>\n\n\n\n<p>An den folgenden Terminen f\u00fchren wir f\u00fcr alle Interessierte ein Onboarding durch: wir stellen unsere bisherige Arbeit vor, erkl\u00e4ren das weitere Vorgehen und kl\u00e4ren offene Fragen.<\/p>\n\n\n\n<p><strong>Fr, 9. Juli, 14:00\u201315:30<\/strong>\u00a0(Schwerpunkt Industrie, Geb\u00e4ude\/W\u00e4rme)<br><a href=\"https:\/\/us06web.zoom.us\/j\/88052600242?pwd=R0plOStKbjRQMXZwYlhXZ2J4STdUQT09\">[Zoom Link]<\/a><br>Meeting-ID: 880 5260 0242<br>Kenncode: 018830<\/p>\n\n\n\n<p><strong>Mi, 14. Juli, 18:00\u201319:30<\/strong>\u00a0(Schwerpunkt CO2-Preis, Klimaschutzgesetz, Verkehr)<br><a href=\"https:\/\/us06web.zoom.us\/j\/87827014694?pwd=RGt2eEpDUEJaSS9laUVOWi9STFA0dz09\">[Zoom Link]<\/a><br>Meeting-ID: 878 2701 4694<br>Kenncode: 216604<\/p>\n\n\n\n<p><strong>Do, 15. Juli, 18:00\u201319:30<\/strong>\u00a0(alle Themen)<br><a href=\"https:\/\/us06web.zoom.us\/j\/83205692549?pwd=N0RueEZjVEgzKzQ4Um56eWFVM2JKdz09\">[Zoom Link]<\/a><br>Meeting-ID: 832 0569 2549<br>Kenncode: 562759<\/p>\n\n\n\n<p>Wenn Sie an einer Teilnahme interessiert sind oder R\u00fcckfragen haben, k\u00f6nnen Sie sich gern bei mir melden. Die Zoom-Links sind aber ohne weiteres zu nutzen, eine formale Anmeldung ist also nicht notwendig. Sollte eine Teilnahme an keinem der Termine m\u00f6glich sein, melden Sie sich gern bei mir \u2013&nbsp;wir finden bei Interesse Ihrerseits in jedem Fall zueinander! \ud83d\ude42<\/p>\n\n\n\n<p>Gern k\u00f6nnen Sie unsere Anfrage auch im Kolleg*innen- oder Bekanntenkreis streuen.<\/p>\n\n\n\n<p>Vielen Dank f\u00fcr Ihre Zeit und Interesse!<\/p>\n\n\n\n<p>Klimafreundlichen Gru\u00df<\/p>\n\n\n\n<p>Henry Wilke<\/p>\n","protected":false},"excerpt":{"rendered":"<p>Mitteilung der Klimaschutzorganisation GermanZero e.V. Die gemeinn\u00fctzige Klimaschutzorganisation GermanZero e.V. ist auf der Suche nach Jurist*innen, die den Verein ehrenamtlich unterst\u00fctzen. Konkret geht es um den Entwurf von Gesetzestexten (Normierung und Begr\u00fcndung) auf der Basis der Ma\u00dfnahmenvorschl\u00e4ge f\u00fcr ein 1,5-Grad-Gesetzespaket, &hellip; <a href=\"http:\/\/referendarrat-sh.de\/?p=8376\">Weiterlesen <span class=\"meta-nav\">&rarr;<\/span><\/a><\/p>\n","protected":false},"author":1,"featured_media":0,"comment_status":"closed","ping_status":"closed","sticky":false,"template":"","format":"standard","meta":{"footnotes":""},"categories":[5,38],"tags":[],"class_list":["post-8376","post","type-post","status-publish","format-standard","hentry","category-externe-angebote-veranstaltungen-und-mitteilungen","category-stellenanzeigen"],"_links":{"self":[{"href":"http:\/\/referendarrat-sh.de\/index.php?rest_route=\/wp\/v2\/posts\/8376","targetHints":{"allow":["GET"]}}],"collection":[{"href":"http:\/\/referendarrat-sh.de\/index.php?rest_route=\/wp\/v2\/posts"}],"about":[{"href":"http:\/\/referendarrat-sh.de\/index.php?rest_route=\/wp\/v2\/types\/post"}],"author":[{"embeddable":true,"href":"http:\/\/referendarrat-sh.de\/index.php?rest_route=\/wp\/v2\/users\/1"}],"replies":[{"embeddable":true,"href":"http:\/\/referendarrat-sh.de\/index.php?rest_route=%2Fwp%2Fv2%2Fcomments&post=8376"}],"version-history":[{"count":3,"href":"http:\/\/referendarrat-sh.de\/index.php?rest_route=\/wp\/v2\/posts\/8376\/revisions"}],"predecessor-version":[{"id":8379,"href":"http:\/\/referendarrat-sh.de\/index.php?rest_route=\/wp\/v2\/posts\/8376\/revisions\/8379"}],"wp:attachment":[{"href":"http:\/\/referendarrat-sh.de\/index.php?rest_route=%2Fwp%2Fv2%2Fmedia&parent=8376"}],"wp:term":[{"taxonomy":"category","embeddable":true,"href":"http:\/\/referendarrat-sh.de\/index.php?rest_route=%2Fwp%2Fv2%2Fcategories&post=8376"},{"taxonomy":"post_tag","embeddable":true,"href":"http:\/\/referendarrat-sh.de\/index.php?rest_route=%2Fwp%2Fv2%2Ftags&post=8376"}],"curies":[{"name":"wp","href":"https:\/\/api.w.org\/{rel}","templated":true}]}}