{"id":8361,"date":"2021-07-03T14:00:00","date_gmt":"2021-07-03T12:00:00","guid":{"rendered":"http:\/\/referendarrat-sh.de\/?p=8361"},"modified":"2021-07-03T15:46:55","modified_gmt":"2021-07-03T13:46:55","slug":"onlinevortraege-berufliche-perspektiven-asyl-und-migration","status":"publish","type":"post","link":"http:\/\/referendarrat-sh.de\/?p=8361","title":{"rendered":"Onlinevortr\u00e4ge Berufliche Perspektiven &#8211; Asyl und Migration"},"content":{"rendered":"\n<p style=\"color:#023064\" class=\"has-text-color\"><em>Mitteilung der Refugee Law Clinic Kiel<\/em><br>Den Flyer findet ihr als PDF <strong><a href=\"http:\/\/referendarrat-sh.de\/wp-content\/uploads\/2021\/07\/Veranstaltung-berufliche-Perspektiven.pdf\">hier<\/a><\/strong>. <\/p>\n\n\n<p>\u00dcberlegt ihr, beruflich im Bereich Asyl und Migration aktiv zu werden und wisst, aber nicht wie ihr an eine Stelle kommt oder wollt einfach mal mit jemandem sprechen, der*die den Berufseinstieg schon hinter sich hat?<br>Dann kommt zu unseren Kurzvortr\u00e4gen am 13. und am 20. Juli 2021 &#8211; jeweils um 19:00 Uhr. In einem kurzen Vortrag stellen die Referent*innen ihren Jobeinstieg sowie ihren Beruf und ihre aktuelle T\u00e4tigkeit vor. Im Anschluss erhaltet ihr die M\u00f6glichkeit, den Referent*innen eure Fragen zu stellen.<br>Zugang erhaltet ihr zu beiden Veranstaltungen \u00fcber <a href=\"https:\/\/uni-kiel.zoom.us\/j\/68775580438?pwd=dnRaOWM4NnA4UUxPeWY1Uk9zNkR5QT09\"><strong>diesen Link<\/strong><\/a>.<br><strong>Meeting-ID<\/strong>: 687 7558 0438<br><strong>Kenncode<\/strong>: 241046<\/p>\n<p>Am <strong>13. Juli<\/strong> geht es um berufliche Perspektiven in Deutschland mit folgenden Referent*innen:<\/p>\n<ul>\n<li><span class=\"JsGRdQ\">Bianca Schulze-Rautenberg (Koordinierungkreis gegen Menschenhandel)<\/span><\/li>\n<li><span class=\"JsGRdQ\">David Werdermann (Gesellschaft f\u00fcr Freiheitsrechte)<\/span><\/li>\n<li><span class=\"JsGRdQ\">Nele Br\u00fcser (Pressesprecherin Landesamt f\u00fcr Ausl\u00e4nderangelegenheiten &amp; stellvertretendes Mitglied H\u00e4rtefallkommission<\/span><\/li>\n<\/ul>\n<p>Am<strong> 20. Juli<\/strong> wird es dann um internationale Einstiegsm\u00f6glichkeiten gehen:<\/p>\n<ul>\n<li><span class=\"JsGRdQ\">Domitille Nicolet (Human Rights Lawyer)<\/span><\/li>\n<li><span class=\"JsGRdQ\">Franceska Dickes (United Nations High Commissioner for Refugees &#8211; UNHCR)<\/span><\/li>\n<\/ul>\n<p>Diese Veranstaltung wird auf English stattfinden.<\/p>\n<p>Wir freuen uns auf euch!<\/p>\n\n\n<div class=\"wp-block-file\"><a href=\"http:\/\/referendarrat-sh.de\/wp-content\/uploads\/2021\/07\/Veranstaltung-berufliche-Perspektiven.pdf\">Veranstaltungsflyer<\/a><a href=\"http:\/\/referendarrat-sh.de\/wp-content\/uploads\/2021\/07\/Veranstaltung-berufliche-Perspektiven.pdf\" class=\"wp-block-file__button\" download>Herunterladen<\/a><\/div>\n","protected":false},"excerpt":{"rendered":"<p>Mitteilung der Refugee Law Clinic KielDen Flyer findet ihr als PDF hier. \u00dcberlegt ihr, beruflich im Bereich Asyl und Migration aktiv zu werden und wisst, aber nicht wie ihr an eine Stelle kommt oder wollt einfach mal mit jemandem sprechen, &hellip; <a href=\"http:\/\/referendarrat-sh.de\/?p=8361\">Weiterlesen <span class=\"meta-nav\">&rarr;<\/span><\/a><\/p>\n","protected":false},"author":1,"featured_media":0,"comment_status":"closed","ping_status":"closed","sticky":false,"template":"","format":"standard","meta":{"footnotes":""},"categories":[5],"tags":[],"class_list":["post-8361","post","type-post","status-publish","format-standard","hentry","category-externe-angebote-veranstaltungen-und-mitteilungen"],"_links":{"self":[{"href":"http:\/\/referendarrat-sh.de\/index.php?rest_route=\/wp\/v2\/posts\/8361","targetHints":{"allow":["GET"]}}],"collection":[{"href":"http:\/\/referendarrat-sh.de\/index.php?rest_route=\/wp\/v2\/posts"}],"about":[{"href":"http:\/\/referendarrat-sh.de\/index.php?rest_route=\/wp\/v2\/types\/post"}],"author":[{"embeddable":true,"href":"http:\/\/referendarrat-sh.de\/index.php?rest_route=\/wp\/v2\/users\/1"}],"replies":[{"embeddable":true,"href":"http:\/\/referendarrat-sh.de\/index.php?rest_route=%2Fwp%2Fv2%2Fcomments&post=8361"}],"version-history":[{"count":2,"href":"http:\/\/referendarrat-sh.de\/index.php?rest_route=\/wp\/v2\/posts\/8361\/revisions"}],"predecessor-version":[{"id":8367,"href":"http:\/\/referendarrat-sh.de\/index.php?rest_route=\/wp\/v2\/posts\/8361\/revisions\/8367"}],"wp:attachment":[{"href":"http:\/\/referendarrat-sh.de\/index.php?rest_route=%2Fwp%2Fv2%2Fmedia&parent=8361"}],"wp:term":[{"taxonomy":"category","embeddable":true,"href":"http:\/\/referendarrat-sh.de\/index.php?rest_route=%2Fwp%2Fv2%2Fcategories&post=8361"},{"taxonomy":"post_tag","embeddable":true,"href":"http:\/\/referendarrat-sh.de\/index.php?rest_route=%2Fwp%2Fv2%2Ftags&post=8361"}],"curies":[{"name":"wp","href":"https:\/\/api.w.org\/{rel}","templated":true}]}}