{"id":7765,"date":"2021-05-03T08:52:16","date_gmt":"2021-05-03T06:52:16","guid":{"rendered":"http:\/\/referendarrat-sh.de\/?p=7765"},"modified":"2021-05-03T08:52:17","modified_gmt":"2021-05-03T06:52:17","slug":"30-04-2021-impf-priorisierung","status":"publish","type":"post","link":"http:\/\/referendarrat-sh.de\/?p=7765","title":{"rendered":"30.04.2021: Impf-Priorisierung"},"content":{"rendered":"\n<p>Liebe Kolleginnen und Kollegen,&nbsp;<\/p>\n\n\n\n<p>wie viele von euch sicherlich mitbekommen haben, ist hinsichtlich der Corona-Impfung in Schleswig-Holstein eine \u00d6ffnung der Priorit\u00e4tsgruppe 3 ab dem 10. Mai vorgesehen. Voraussichtlich k\u00f6nnen Termine ab dem 6. Mai gebucht werden. Dabei soll innerhalb der Priorisierungsgruppe keine gesonderte Priorisierung stattfinden.&nbsp;<\/p>\n\n\n\n<p>Zur Priorit\u00e4tsgruppe 3 z\u00e4hlen mitunter Personen, die Mitglieder von Verfassungsorganen sind oder&nbsp;in besonders relevanten Positionen. Hierunter fallen auch Personen in der Justiz und Rechtspflege.&nbsp;<\/p>\n\n\n\n<p><strong>Dem Oberlandesgericht ist derzeit leider keine Information dar\u00fcber bekannt, welche Personen aus der Justiz in die Priorisierungsgruppe 3 fallen. Derzeit kann also noch nicht final gesagt werden, ob Referendar:innen hinzuz\u00e4hlen.\u00a0<\/strong><\/p>\n\n\n\n<p>Wir stehen in dieser Angelegenheit im engen Kontakt mit dem Oberlandesgericht und informieren euch umgehend, sobald uns Neuigkeiten vorliegen.&nbsp;<\/p>\n\n\n\n<p>Euer Referendarrat&nbsp;<\/p>\n","protected":false},"excerpt":{"rendered":"<p>Liebe Kolleginnen und Kollegen,&nbsp; wie viele von euch sicherlich mitbekommen haben, ist hinsichtlich der Corona-Impfung in Schleswig-Holstein eine \u00d6ffnung der Priorit\u00e4tsgruppe 3 ab dem 10. Mai vorgesehen. Voraussichtlich k\u00f6nnen Termine ab dem 6. Mai gebucht werden. Dabei soll innerhalb der &hellip; <a href=\"http:\/\/referendarrat-sh.de\/?p=7765\">Weiterlesen <span class=\"meta-nav\">&rarr;<\/span><\/a><\/p>\n","protected":false},"author":1,"featured_media":0,"comment_status":"closed","ping_status":"closed","sticky":false,"template":"","format":"standard","meta":{"footnotes":""},"categories":[5,39,40],"tags":[],"class_list":["post-7765","post","type-post","status-publish","format-standard","hentry","category-externe-angebote-veranstaltungen-und-mitteilungen","category-weitere-mitteilungen","category-covid-19"],"_links":{"self":[{"href":"http:\/\/referendarrat-sh.de\/index.php?rest_route=\/wp\/v2\/posts\/7765","targetHints":{"allow":["GET"]}}],"collection":[{"href":"http:\/\/referendarrat-sh.de\/index.php?rest_route=\/wp\/v2\/posts"}],"about":[{"href":"http:\/\/referendarrat-sh.de\/index.php?rest_route=\/wp\/v2\/types\/post"}],"author":[{"embeddable":true,"href":"http:\/\/referendarrat-sh.de\/index.php?rest_route=\/wp\/v2\/users\/1"}],"replies":[{"embeddable":true,"href":"http:\/\/referendarrat-sh.de\/index.php?rest_route=%2Fwp%2Fv2%2Fcomments&post=7765"}],"version-history":[{"count":1,"href":"http:\/\/referendarrat-sh.de\/index.php?rest_route=\/wp\/v2\/posts\/7765\/revisions"}],"predecessor-version":[{"id":7766,"href":"http:\/\/referendarrat-sh.de\/index.php?rest_route=\/wp\/v2\/posts\/7765\/revisions\/7766"}],"wp:attachment":[{"href":"http:\/\/referendarrat-sh.de\/index.php?rest_route=%2Fwp%2Fv2%2Fmedia&parent=7765"}],"wp:term":[{"taxonomy":"category","embeddable":true,"href":"http:\/\/referendarrat-sh.de\/index.php?rest_route=%2Fwp%2Fv2%2Fcategories&post=7765"},{"taxonomy":"post_tag","embeddable":true,"href":"http:\/\/referendarrat-sh.de\/index.php?rest_route=%2Fwp%2Fv2%2Ftags&post=7765"}],"curies":[{"name":"wp","href":"https:\/\/api.w.org\/{rel}","templated":true}]}}