{"id":7763,"date":"2021-05-03T08:48:55","date_gmt":"2021-05-03T06:48:55","guid":{"rendered":"http:\/\/referendarrat-sh.de\/?p=7763"},"modified":"2021-05-03T08:48:57","modified_gmt":"2021-05-03T06:48:57","slug":"mitteilung-vom-27-04-2021-zum-praesenzbetrieb-der-ags","status":"publish","type":"post","link":"http:\/\/referendarrat-sh.de\/?p=7763","title":{"rendered":"Mitteilung vom 27.04.2021 zum Pr\u00e4senzbetrieb der AGs"},"content":{"rendered":"\n<p><em>Mitteilung der Staatskanzlei:<\/em><\/p>\n\n\n\n<div class=\"wp-block-group has-background\" style=\"background-color:#dcecf3\"><div class=\"wp-block-group__inner-container is-layout-flow wp-block-group-is-layout-flow\">\n<p>Nach R\u00fccksprache mit meinem Abteilungsleiter, Herrn Sulimma, werden alle laufenden Arbeitsgemeinschaften als Pr\u00e4senz-AGs weiterhin bis zum 31. Mai 2021 ausgesetzt.<br>Wir hoffen dann, ab dem 01. Juni 2021 die Arbeitsgemeinschaften wieder als Pr\u00e4senz-AG im Schichtbetrieb anbieten zu k\u00f6nnen. Ich bitte um Ihr Verst\u00e4ndnis und um Weiterleitung dieser Information an die Referendare in Ihren Arbeitsgemeinschaften.<\/p>\n<\/div><\/div>\n","protected":false},"excerpt":{"rendered":"<p>Mitteilung der Staatskanzlei: Nach R\u00fccksprache mit meinem Abteilungsleiter, Herrn Sulimma, werden alle laufenden Arbeitsgemeinschaften als Pr\u00e4senz-AGs weiterhin bis zum 31. Mai 2021 ausgesetzt.Wir hoffen dann, ab dem 01. Juni 2021 die Arbeitsgemeinschaften wieder als Pr\u00e4senz-AG im Schichtbetrieb anbieten zu k\u00f6nnen. &hellip; <a href=\"http:\/\/referendarrat-sh.de\/?p=7763\">Weiterlesen <span class=\"meta-nav\">&rarr;<\/span><\/a><\/p>\n","protected":false},"author":1,"featured_media":0,"comment_status":"closed","ping_status":"closed","sticky":false,"template":"","format":"standard","meta":{"footnotes":""},"categories":[5,39,40],"tags":[],"class_list":["post-7763","post","type-post","status-publish","format-standard","hentry","category-externe-angebote-veranstaltungen-und-mitteilungen","category-weitere-mitteilungen","category-covid-19"],"_links":{"self":[{"href":"http:\/\/referendarrat-sh.de\/index.php?rest_route=\/wp\/v2\/posts\/7763","targetHints":{"allow":["GET"]}}],"collection":[{"href":"http:\/\/referendarrat-sh.de\/index.php?rest_route=\/wp\/v2\/posts"}],"about":[{"href":"http:\/\/referendarrat-sh.de\/index.php?rest_route=\/wp\/v2\/types\/post"}],"author":[{"embeddable":true,"href":"http:\/\/referendarrat-sh.de\/index.php?rest_route=\/wp\/v2\/users\/1"}],"replies":[{"embeddable":true,"href":"http:\/\/referendarrat-sh.de\/index.php?rest_route=%2Fwp%2Fv2%2Fcomments&post=7763"}],"version-history":[{"count":1,"href":"http:\/\/referendarrat-sh.de\/index.php?rest_route=\/wp\/v2\/posts\/7763\/revisions"}],"predecessor-version":[{"id":7764,"href":"http:\/\/referendarrat-sh.de\/index.php?rest_route=\/wp\/v2\/posts\/7763\/revisions\/7764"}],"wp:attachment":[{"href":"http:\/\/referendarrat-sh.de\/index.php?rest_route=%2Fwp%2Fv2%2Fmedia&parent=7763"}],"wp:term":[{"taxonomy":"category","embeddable":true,"href":"http:\/\/referendarrat-sh.de\/index.php?rest_route=%2Fwp%2Fv2%2Fcategories&post=7763"},{"taxonomy":"post_tag","embeddable":true,"href":"http:\/\/referendarrat-sh.de\/index.php?rest_route=%2Fwp%2Fv2%2Ftags&post=7763"}],"curies":[{"name":"wp","href":"https:\/\/api.w.org\/{rel}","templated":true}]}}