{"id":7753,"date":"2021-05-03T08:26:20","date_gmt":"2021-05-03T06:26:20","guid":{"rendered":"http:\/\/referendarrat-sh.de\/?p=7753"},"modified":"2021-05-03T08:26:22","modified_gmt":"2021-05-03T06:26:22","slug":"wahlstation-praktikum-beim-deutschen-anwaltverein-dav-in-bruessel","status":"publish","type":"post","link":"http:\/\/referendarrat-sh.de\/?p=7753","title":{"rendered":"Wahlstation\/Praktikum beim Deutschen Anwaltverein (DAV) in Br\u00fcssel!"},"content":{"rendered":"\n<p><em>Mitteilung des DAV:<\/em><\/p>\n\n\n\n<div class=\"wp-block-group has-light-gray-background-color has-background\"><div class=\"wp-block-group__inner-container is-layout-flow wp-block-group-is-layout-flow\">\n<p class=\"has-text-align-center\"><strong>Aufgrund der Covid-19-Pandemie findet die Wahlstation\/das Praktikum im Homeoffice statt. <\/strong><\/p>\n\n\n\n<p>F\u00fcr europarechtlich interessierte Referendarinnen\/Referendare (w\/d\/m) und Praktikantinnen\/Praktikanten (w\/d\/m) besteht die M\u00f6glichkeit, im Br\u00fcsseler B\u00fcro des DAV die Wahlstation\/ein Praktikum zu  absolvieren und auf diese Weise umfassende Einblicke in die t\u00e4gliche Arbeitspraxis der Europ\u00e4ischen Institutionen und Verb\u00e4nde in Br\u00fcssel zu bekommen.<\/p>\n\n\n\n<p>Zur Aufgabe des B\u00fcros geh\u00f6rt neben der Wissensvermittlung an die Mitglieder des Deutschen Anwaltvereins \u00fcber anwaltsrelevante legislative Vorg\u00e4nge auf EU-Ebene insbesondere die Vertretung  der anwaltlichen Interessen gegen\u00fcber den europ\u00e4ischen Institutionen.<\/p>\n\n\n\n<p>Von Interesse sind dabei neben den Themen des anwaltlichen Berufsrechts die verschiedenen europ\u00e4ischen Gesetzgebungsverfahren im Bereich des Zivil- und Zivilverfahrensrechts, des Wirtschaftsrechts, des Straf- und Strafverfahrensrechts sowie des \u00d6ffentlichen Rechts. Die Gesch\u00e4ftsstelle ist  zudem f\u00fcr die internationalen Beziehungen und den Bereich Menschenrechte zust\u00e4ndig.<\/p>\n\n\n\n<p><strong>Ihr Aufgabenbereich<\/strong><\/p>\n\n\n\n<p>Sie unterst\u00fctzen das Dezernat Internationales, Europa und Menschenrechte in allen inhaltlichen T\u00e4tigkeiten. Zu Ihren Aufgaben geh\u00f6ren dabei haupts\u00e4chlich:<\/p>\n\n\n\n<ul class=\"wp-block-list\"><li>Analyse von Gesetzgebungsvorschl\u00e4gen<\/li><li>aktive Mitarbeit am w\u00f6chentlich erscheinenden Newsletter \u201eEuropa im \u00dcberblick\u201c<\/li><li>Zuarbeit f\u00fcr den Versand von DAV-Stellungnahmen<\/li><li>fortw\u00e4hrendes \u201eScreening\u201c nach DAV-relevanten Themen in Presse und g\u00e4ngigen EU-Datenbanken<\/li><li>Begleitung zu Lobbying-Veranstaltungen und zu Anh\u00f6rungen in den EU-Institutionen <\/li><\/ul>\n\n\n\n<p><strong>Ihr Profil<\/strong><\/p>\n\n\n\n<ul class=\"wp-block-list\"><li>Kenntnisse des Unionsrechts<\/li><li>nachweislich gute Englischkenntnisse in Wort und Schrift<\/li><li>F\u00e4higkeit und Bereitschaft zu selbst\u00e4ndiger Arbeit<\/li><li>Franz\u00f6sischkenntnisse sind von Vorteil<\/li><\/ul>\n\n\n\n<p><strong>Sie haben Interesse?<\/strong><\/p>\n\n\n\n<p>Dann bewerben Sie sich! Bitte senden Sie Ihre vollst\u00e4ndige Bewerbung in einem PDF-Dokument per  E-Mail an <a href=\"mailto:assistenz@eu.anwaltverein.de\">assistenz@eu.anwaltverein.de<\/a><\/p>\n<\/div><\/div>\n\n\n\n<div class=\"wp-block-file\"><a href=\"http:\/\/referendarrat-sh.de\/wp-content\/uploads\/2021\/05\/2021-04-27-Ausschreibung-Wahlstation-Praktikum-DAV-Br\u00fcssel-HOMEOFFICE.pdf\">Ausschreibung-Wahlstation-Praktikum-DAV-Br\u00fcssel-HOMEOFFICE<\/a><\/div>\n","protected":false},"excerpt":{"rendered":"<p>Mitteilung des DAV: Aufgrund der Covid-19-Pandemie findet die Wahlstation\/das Praktikum im Homeoffice statt. F\u00fcr europarechtlich interessierte Referendarinnen\/Referendare (w\/d\/m) und Praktikantinnen\/Praktikanten (w\/d\/m) besteht die M\u00f6glichkeit, im Br\u00fcsseler B\u00fcro des DAV die Wahlstation\/ein Praktikum zu absolvieren und auf diese Weise umfassende Einblicke &hellip; <a href=\"http:\/\/referendarrat-sh.de\/?p=7753\">Weiterlesen <span class=\"meta-nav\">&rarr;<\/span><\/a><\/p>\n","protected":false},"author":1,"featured_media":0,"comment_status":"closed","ping_status":"closed","sticky":false,"template":"","format":"standard","meta":{"footnotes":""},"categories":[5,6,38],"tags":[],"class_list":["post-7753","post","type-post","status-publish","format-standard","hentry","category-externe-angebote-veranstaltungen-und-mitteilungen","category-stationsangebote","category-stellenanzeigen"],"_links":{"self":[{"href":"http:\/\/referendarrat-sh.de\/index.php?rest_route=\/wp\/v2\/posts\/7753","targetHints":{"allow":["GET"]}}],"collection":[{"href":"http:\/\/referendarrat-sh.de\/index.php?rest_route=\/wp\/v2\/posts"}],"about":[{"href":"http:\/\/referendarrat-sh.de\/index.php?rest_route=\/wp\/v2\/types\/post"}],"author":[{"embeddable":true,"href":"http:\/\/referendarrat-sh.de\/index.php?rest_route=\/wp\/v2\/users\/1"}],"replies":[{"embeddable":true,"href":"http:\/\/referendarrat-sh.de\/index.php?rest_route=%2Fwp%2Fv2%2Fcomments&post=7753"}],"version-history":[{"count":1,"href":"http:\/\/referendarrat-sh.de\/index.php?rest_route=\/wp\/v2\/posts\/7753\/revisions"}],"predecessor-version":[{"id":7755,"href":"http:\/\/referendarrat-sh.de\/index.php?rest_route=\/wp\/v2\/posts\/7753\/revisions\/7755"}],"wp:attachment":[{"href":"http:\/\/referendarrat-sh.de\/index.php?rest_route=%2Fwp%2Fv2%2Fmedia&parent=7753"}],"wp:term":[{"taxonomy":"category","embeddable":true,"href":"http:\/\/referendarrat-sh.de\/index.php?rest_route=%2Fwp%2Fv2%2Fcategories&post=7753"},{"taxonomy":"post_tag","embeddable":true,"href":"http:\/\/referendarrat-sh.de\/index.php?rest_route=%2Fwp%2Fv2%2Ftags&post=7753"}],"curies":[{"name":"wp","href":"https:\/\/api.w.org\/{rel}","templated":true}]}}