{"id":7722,"date":"2021-04-21T09:23:37","date_gmt":"2021-04-21T07:23:37","guid":{"rendered":"http:\/\/referendarrat-sh.de\/?p=7722"},"modified":"2021-04-21T09:23:39","modified_gmt":"2021-04-21T07:23:39","slug":"verwaltungs-oder-wahlstation-im-europabuero-des-deutschen-landkreistags","status":"publish","type":"post","link":"http:\/\/referendarrat-sh.de\/?p=7722","title":{"rendered":"Verwaltungs- oder Wahlstation im Europab\u00fcro des Deutschen Landkreistags"},"content":{"rendered":"\n<p><em>Mitteilung des Europab\u00fcro Deutscher Landkreistag<\/em><\/p>\n\n\n\n<div class=\"wp-block-group has-light-gray-background-color has-background\"><div class=\"wp-block-group__inner-container is-layout-flow wp-block-group-is-layout-flow\">\n<p>F\u00fcr europarechtlich interessierte Referendarinnen und Referendare besteht die M\u00f6glichkeit, im Europab\u00fcro des DLT eine Referendarstation (Verwaltungs- und Wahlstation) zu absolvieren und auf diese Art und Weise Einblicke in die t\u00e4gliche Arbeitspraxis der Europ\u00e4ischen Institutionen und Verb\u00e4nde in Br\u00fcssel zu bekommen.<br><\/p>\n\n\n\n<p>Das Europab\u00fcro des DLT in Br\u00fcssel liegt in unmittelbarer N\u00e4he zu den EU-Institutionen im Herzen des Europaviertels. Es vertritt auf europ\u00e4ischer Ebene die Interessen des Deutschen Landkreistages und seiner Mitglieder. Aufgabe des Europab\u00fcros ist neben der Beobachtung und aktiven Begleitung aktueller europ\u00e4ischer Entwicklungen zu kreisspezifischen Themen die Interessensvertretung und Einflussnahme auf die Rechtssetzungsaktivit\u00e4ten der EU-Institutionen. Der Deutsche Landkreistag ist zudem Mitglied des Council of European Municipalities and Regions (CEMR) und arbeitet \u00fcber sein Europab\u00fcro eng mit Kommunalverb\u00e4nden aus anderen Mitgliedstaaten zusammen.<br><\/p>\n\n\n\n<p>Zu den kommunalrelevanten Arbeitsfeldern des DLT-Europab\u00fcros geh\u00f6ren die europ\u00e4ische Rechtssetzung auf dem Gebiet der kommunalen Daseinsvorsorge, darunter das europ\u00e4ische Vergaberecht, Wettbewerbs- und Beihilfenrecht, daneben das europ\u00e4ische Verfassungsrecht, die Bereiche Digitalisierung und E-Government, die Regional- und Koh\u00e4sionspolitik, Migrations- und Asylpolitik, Sozial- und Arbeitsmarktpolitik sowie die Umwelt- und Verkehrspolitik.<br><\/p>\n\n\n\n<p>Ihre T\u00e4tigkeiten umfassen die Analyse von Rechtssetzungstexten der EU-Institutionen, der Rechtsprechung der Europ\u00e4ischen Gerichte und die Unterst\u00fctzung des Europab\u00fcros bei der Interessenvertretung im europ\u00e4ischen Gesetzgebungsverfahren sowie die Teilnahme an Konferenzen und Veranstaltungen.<br><\/p>\n\n\n\n<p>Erwartet werden Grundkenntnisse \u00fcber die Funktionsweise der EU-Institutionen und des europ\u00e4ischen Gesetzgebungsprozesses. Dar\u00fcber hinaus sollten allgemeine Kenntnisse des \u00f6ffentlichen Rechts und des Europarechts vorliegen. Vorausgesetzt werden ebenfalls gute Kenntnisse der englischen Sprache in Wort und Schrift und die F\u00e4higkeit und Bereitschaft zur selbst\u00e4ndigen Arbeit. Franz\u00f6sischkenntnisse sind von Vorteil.<\/p>\n\n\n\n<p>Haben wir Ihr Interesse geweckt? Dann freuen wir uns auf Ihre aussagekr\u00e4ftige Bewerbung per E-Mail: tanja.struve@landkreistag.de<\/p>\n\n\n\n<div class=\"wp-block-file\"><a href=\"http:\/\/referendarrat-sh.de\/wp-content\/uploads\/2021\/04\/Ausschreibung-Verwaltungs-oder-Wahlstation.pdf\">Ausschreibung-Verwaltungs-oder-Wahlstation<\/a><\/div>\n<\/div><\/div>\n","protected":false},"excerpt":{"rendered":"<p>Mitteilung des Europab\u00fcro Deutscher Landkreistag F\u00fcr europarechtlich interessierte Referendarinnen und Referendare besteht die M\u00f6glichkeit, im Europab\u00fcro des DLT eine Referendarstation (Verwaltungs- und Wahlstation) zu absolvieren und auf diese Art und Weise Einblicke in die t\u00e4gliche Arbeitspraxis der Europ\u00e4ischen Institutionen und &hellip; <a href=\"http:\/\/referendarrat-sh.de\/?p=7722\">Weiterlesen <span class=\"meta-nav\">&rarr;<\/span><\/a><\/p>\n","protected":false},"author":1,"featured_media":0,"comment_status":"closed","ping_status":"closed","sticky":false,"template":"","format":"standard","meta":{"footnotes":""},"categories":[6],"tags":[],"class_list":["post-7722","post","type-post","status-publish","format-standard","hentry","category-stationsangebote"],"_links":{"self":[{"href":"http:\/\/referendarrat-sh.de\/index.php?rest_route=\/wp\/v2\/posts\/7722","targetHints":{"allow":["GET"]}}],"collection":[{"href":"http:\/\/referendarrat-sh.de\/index.php?rest_route=\/wp\/v2\/posts"}],"about":[{"href":"http:\/\/referendarrat-sh.de\/index.php?rest_route=\/wp\/v2\/types\/post"}],"author":[{"embeddable":true,"href":"http:\/\/referendarrat-sh.de\/index.php?rest_route=\/wp\/v2\/users\/1"}],"replies":[{"embeddable":true,"href":"http:\/\/referendarrat-sh.de\/index.php?rest_route=%2Fwp%2Fv2%2Fcomments&post=7722"}],"version-history":[{"count":1,"href":"http:\/\/referendarrat-sh.de\/index.php?rest_route=\/wp\/v2\/posts\/7722\/revisions"}],"predecessor-version":[{"id":7724,"href":"http:\/\/referendarrat-sh.de\/index.php?rest_route=\/wp\/v2\/posts\/7722\/revisions\/7724"}],"wp:attachment":[{"href":"http:\/\/referendarrat-sh.de\/index.php?rest_route=%2Fwp%2Fv2%2Fmedia&parent=7722"}],"wp:term":[{"taxonomy":"category","embeddable":true,"href":"http:\/\/referendarrat-sh.de\/index.php?rest_route=%2Fwp%2Fv2%2Fcategories&post=7722"},{"taxonomy":"post_tag","embeddable":true,"href":"http:\/\/referendarrat-sh.de\/index.php?rest_route=%2Fwp%2Fv2%2Ftags&post=7722"}],"curies":[{"name":"wp","href":"https:\/\/api.w.org\/{rel}","templated":true}]}}