{"id":7719,"date":"2021-04-21T09:10:38","date_gmt":"2021-04-21T07:10:38","guid":{"rendered":"http:\/\/referendarrat-sh.de\/?p=7719"},"modified":"2021-04-21T09:24:04","modified_gmt":"2021-04-21T07:24:04","slug":"stellenanzeige-volljurist-bei-vw-in-wolfsburg","status":"publish","type":"post","link":"http:\/\/referendarrat-sh.de\/?p=7719","title":{"rendered":"Stellenanzeige: Volljurist bei VW in Wolfsburg"},"content":{"rendered":"\n<p><em>Mitteilung der Volkswagen AG<\/em><\/p>\n\n\n\n<div class=\"wp-block-group has-light-gray-background-color has-background\"><div class=\"wp-block-group__inner-container is-layout-flow wp-block-group-is-layout-flow\">\n<p class=\"has-text-align-center\"><strong><em>Zwei Buchstaben. Tausend neue M\u00f6glichkeiten.<br> Eine gro\u00dfe Zukunft.<\/em><\/strong><\/p>\n\n\n\n<p><strong>Bei Volkswagen als Volljurist (m\/w\/d) &#8211; Produktsicherheit und -verteidigung am Standort Wolfsburg<\/strong><\/p>\n\n\n\n<p><strong>Ihr Arbeitsumfeld<\/strong><\/p>\n\n\n\n<p>Der Volkswagen Konzern wird Mobilit\u00e4t f\u00fcr zuk\u00fcnftige Generationen gestalten. Wir als Konzernvorstandsressort Integrit\u00e4t und Recht tragen nachhaltig dazu bei Risiken zu minimieren und die Reputation des Konzerns durch ethisch und rechtlich korrektes Handeln zu steigern. Nur mit einer aufrichtigen, vielf\u00e4ltigen und mutigen Mannschaft werden wir das erreichen. Hierf\u00fcr suchen wir Unterst\u00fctzung. Zur Verst\u00e4rkung unseres Konzern-Rechtwesens am Standort Wolfsburg suchen wir zum n\u00e4chstm\u00f6glichen Zeitpunkt einen Volljuristen (m\/w\/d).<\/p>\n\n\n\n<p><strong>Ihre Aufgaben<\/strong>:<\/p>\n\n\n\n<ul class=\"wp-block-list\"><li>Rechtsberatung der operativen Fachbereiche zur Produktsicherheit und Produkthaftung<\/li><li>Betreuung von produktbezogenen Haftungsf\u00e4llen und Klagen in USA und Rest der Welt<\/li><li>Beratung betreffend Themen\/Prozesse bei der Risikoanalyse und dem Risikomanagement<\/li><li>2nd Line of Defense, einschlie\u00dflich Konzeptionierung, Durchf\u00fchrung und Weiterentwicklung von Schulungen<\/li><\/ul>\n\n\n\n<p><strong>Ihre Qualifikationen:<\/strong><\/p>\n\n\n\n<ul class=\"wp-block-list\"><li>Volljurist (m\/w\/d)<\/li><li>idealerweise bereits mit praktischen Kenntnisse im Bereich Produkthaftung und Produktsicherheit<\/li><li>Interesse an technischen Sachverhalten und Motivation zur Einarbeitung<\/li><li>Verhandlungssicheres, idealerweise im Ausland vertieftes Englisch in Wort und Schrift<\/li><li>Ausgepr\u00e4gte Prozessorientierung mit hoher analytischer Kompetenz<\/li><li>Gutes Verst\u00e4ndnis f\u00fcr wirtschaftliche und technische Zusammenh\u00e4nge<\/li><li>Hohes Ma\u00df an interkultureller, kommunikativer und sozialer Kompetenz<\/li><\/ul>\n\n\n\n<p>Starten Sie jetzt mit uns durch und bewerben Sie sich bitte unter www.volkswagen-karriere.de, Referenznummer: E-457\/2021<br><\/p>\n<\/div><\/div>\n\n\n\n<div class=\"wp-block-file\"><a href=\"http:\/\/referendarrat-sh.de\/wp-content\/uploads\/2021\/04\/Volljurist-m_w_d-Produktsicherheit-und-verteidigung.pdf\">Volljurist-m_w_d-Produktsicherheit-und-verteidigung<\/a><\/div>\n","protected":false},"excerpt":{"rendered":"<p>Mitteilung der Volkswagen AG Zwei Buchstaben. Tausend neue M\u00f6glichkeiten. Eine gro\u00dfe Zukunft. Bei Volkswagen als Volljurist (m\/w\/d) &#8211; Produktsicherheit und -verteidigung am Standort Wolfsburg Ihr Arbeitsumfeld Der Volkswagen Konzern wird Mobilit\u00e4t f\u00fcr zuk\u00fcnftige Generationen gestalten. Wir als Konzernvorstandsressort Integrit\u00e4t und &hellip; <a href=\"http:\/\/referendarrat-sh.de\/?p=7719\">Weiterlesen <span class=\"meta-nav\">&rarr;<\/span><\/a><\/p>\n","protected":false},"author":1,"featured_media":0,"comment_status":"closed","ping_status":"closed","sticky":false,"template":"","format":"standard","meta":{"footnotes":""},"categories":[38],"tags":[],"class_list":["post-7719","post","type-post","status-publish","format-standard","hentry","category-stellenanzeigen"],"_links":{"self":[{"href":"http:\/\/referendarrat-sh.de\/index.php?rest_route=\/wp\/v2\/posts\/7719","targetHints":{"allow":["GET"]}}],"collection":[{"href":"http:\/\/referendarrat-sh.de\/index.php?rest_route=\/wp\/v2\/posts"}],"about":[{"href":"http:\/\/referendarrat-sh.de\/index.php?rest_route=\/wp\/v2\/types\/post"}],"author":[{"embeddable":true,"href":"http:\/\/referendarrat-sh.de\/index.php?rest_route=\/wp\/v2\/users\/1"}],"replies":[{"embeddable":true,"href":"http:\/\/referendarrat-sh.de\/index.php?rest_route=%2Fwp%2Fv2%2Fcomments&post=7719"}],"version-history":[{"count":2,"href":"http:\/\/referendarrat-sh.de\/index.php?rest_route=\/wp\/v2\/posts\/7719\/revisions"}],"predecessor-version":[{"id":7725,"href":"http:\/\/referendarrat-sh.de\/index.php?rest_route=\/wp\/v2\/posts\/7719\/revisions\/7725"}],"wp:attachment":[{"href":"http:\/\/referendarrat-sh.de\/index.php?rest_route=%2Fwp%2Fv2%2Fmedia&parent=7719"}],"wp:term":[{"taxonomy":"category","embeddable":true,"href":"http:\/\/referendarrat-sh.de\/index.php?rest_route=%2Fwp%2Fv2%2Fcategories&post=7719"},{"taxonomy":"post_tag","embeddable":true,"href":"http:\/\/referendarrat-sh.de\/index.php?rest_route=%2Fwp%2Fv2%2Ftags&post=7719"}],"curies":[{"name":"wp","href":"https:\/\/api.w.org\/{rel}","templated":true}]}}