{"id":7698,"date":"2021-03-19T11:19:57","date_gmt":"2021-03-19T09:19:57","guid":{"rendered":"http:\/\/referendarrat-sh.de\/?p=7698"},"modified":"2021-03-19T11:19:59","modified_gmt":"2021-03-19T09:19:59","slug":"protokoll-des-examensinformationsforums-vom-17-02-2021","status":"publish","type":"post","link":"http:\/\/referendarrat-sh.de\/?p=7698","title":{"rendered":"Protokoll des Examensinformationsforums vom 17.02.2021"},"content":{"rendered":"\n<p>Wer unseren gemeinsamen Forums-Termin verpasst hat, kann sich jetzt die wesentlichen Ergebnisse im Protokoll anschauen.<\/p>\n\n\n\n<p>In dem Termin haben wir \u00fcber die aktuelle Klausur- und AG-Situation im Lockdown diskutiert und bei den zust\u00e4ndigen Referenten Verbesserungsw\u00fcnsche vorgetragen. Anschlie\u00dfend haben wir mit dem Pr\u00e4sidenten des GPA \u00fcber das Examen unter Corona-Bedingungen, aber auch \u00fcber den Ausblick auf die k\u00fcnftigen Entwicklung hinsichtlich der Einf\u00fchrung von E-Examen usw. und viele weitere Themen gesprochen.<\/p>\n\n\n\n<div class=\"wp-block-file\"><a href=\"http:\/\/referendarrat-sh.de\/wp-content\/uploads\/2021\/03\/Examensinfoveranstaltung-Protokoll-17.-Februar-2021.pdf\">Examensinfoveranstaltung-Protokoll-17.-Februar-2021<\/a><\/div>\n","protected":false},"excerpt":{"rendered":"<p>Wer unseren gemeinsamen Forums-Termin verpasst hat, kann sich jetzt die wesentlichen Ergebnisse im Protokoll anschauen. In dem Termin haben wir \u00fcber die aktuelle Klausur- und AG-Situation im Lockdown diskutiert und bei den zust\u00e4ndigen Referenten Verbesserungsw\u00fcnsche vorgetragen. Anschlie\u00dfend haben wir mit &hellip; <a href=\"http:\/\/referendarrat-sh.de\/?p=7698\">Weiterlesen <span class=\"meta-nav\">&rarr;<\/span><\/a><\/p>\n","protected":false},"author":1,"featured_media":0,"comment_status":"closed","ping_status":"closed","sticky":false,"template":"","format":"standard","meta":{"footnotes":""},"categories":[5,39,40],"tags":[],"class_list":["post-7698","post","type-post","status-publish","format-standard","hentry","category-externe-angebote-veranstaltungen-und-mitteilungen","category-weitere-mitteilungen","category-covid-19"],"_links":{"self":[{"href":"http:\/\/referendarrat-sh.de\/index.php?rest_route=\/wp\/v2\/posts\/7698","targetHints":{"allow":["GET"]}}],"collection":[{"href":"http:\/\/referendarrat-sh.de\/index.php?rest_route=\/wp\/v2\/posts"}],"about":[{"href":"http:\/\/referendarrat-sh.de\/index.php?rest_route=\/wp\/v2\/types\/post"}],"author":[{"embeddable":true,"href":"http:\/\/referendarrat-sh.de\/index.php?rest_route=\/wp\/v2\/users\/1"}],"replies":[{"embeddable":true,"href":"http:\/\/referendarrat-sh.de\/index.php?rest_route=%2Fwp%2Fv2%2Fcomments&post=7698"}],"version-history":[{"count":1,"href":"http:\/\/referendarrat-sh.de\/index.php?rest_route=\/wp\/v2\/posts\/7698\/revisions"}],"predecessor-version":[{"id":7700,"href":"http:\/\/referendarrat-sh.de\/index.php?rest_route=\/wp\/v2\/posts\/7698\/revisions\/7700"}],"wp:attachment":[{"href":"http:\/\/referendarrat-sh.de\/index.php?rest_route=%2Fwp%2Fv2%2Fmedia&parent=7698"}],"wp:term":[{"taxonomy":"category","embeddable":true,"href":"http:\/\/referendarrat-sh.de\/index.php?rest_route=%2Fwp%2Fv2%2Fcategories&post=7698"},{"taxonomy":"post_tag","embeddable":true,"href":"http:\/\/referendarrat-sh.de\/index.php?rest_route=%2Fwp%2Fv2%2Ftags&post=7698"}],"curies":[{"name":"wp","href":"https:\/\/api.w.org\/{rel}","templated":true}]}}