{"id":7690,"date":"2021-03-17T11:15:52","date_gmt":"2021-03-17T09:15:52","guid":{"rendered":"http:\/\/referendarrat-sh.de\/?p=7690"},"modified":"2021-03-17T11:15:54","modified_gmt":"2021-03-17T09:15:54","slug":"anwalts-wahlstation-bei-kessler-in-bremen","status":"publish","type":"post","link":"http:\/\/referendarrat-sh.de\/?p=7690","title":{"rendered":"Anwalts-\/Wahlstation bei Kessler in Bremen"},"content":{"rendered":"\n<p><em>Mitteilung der  KESSLER Rechtsanwaltsgesellschaft mbH <\/em><\/p>\n\n\n\n<div class=\"wp-block-group has-light-gray-background-color has-background\"><div class=\"wp-block-group__inner-container is-layout-flow wp-block-group-is-layout-flow\">\n<p class=\"has-text-align-center\"><strong> REFERENDARIN &amp; REFEREDAR (d\/w\/m) <\/strong><\/p>\n\n\n\n<p> Wenn wir uns an unsere Referendariatszeit erinnern, war unsere Vorstellung\u2026 <\/p>\n\n\n\n<p><em> \u201e\u2026.ich suche eine fachlich herausfordernde, abwechslungsreiche und f\u00fcr mein Examen sinnvolle  Ausbildungsstelle im Zivil- und Wirtschaftsrecht. Ich will nicht nur neben der Wahl- oder Anwaltsstation lernen  k\u00f6nnen, sondern auch w\u00e4hrend der Anwesenheit tats\u00e4chlich ausgebildet werden; Schrifts\u00e4tze verfassen,  Rechtsfragen l\u00f6sen, vlt. auch Termine wahrnehmen und bei Mandantengespr\u00e4chen dabei sein. Au\u00dferdem  w\u00e4re es gut, wenn die Anw\u00e4ltinnen und Anw\u00e4lte mit mir Pr\u00fcfungssituationen simulieren und ich Aktenvortr\u00e4ge  \u00fcben kann.\u201c<\/em> <\/p>\n\n\n\n<p>Diese Erwartungen sind leider nicht selbstverst\u00e4ndlich w\u00e4hrend der Wahl- oder Anwaltsstation. Deshalb  handhaben wir es bei KESSLER anders. Wenn Dich unsere Vorstellungen ansprechen und Du Lust hast, in einer  Wirtschaftskanzlei von ausbildungsnahen Anw\u00e4ltinnen und Anw\u00e4lten an die Anwaltschaft herangef\u00fchrt zu  werden, dann freuen wir uns \u00fcber Deine Bewerbung. <\/p>\n<\/div><\/div>\n\n\n\n<div class=\"wp-block-file\"><a href=\"http:\/\/referendarrat-sh.de\/wp-content\/uploads\/2021\/03\/KESSLER_Referendarinnen.pdf\">KESSLER Stationsangebot<\/a><\/div>\n","protected":false},"excerpt":{"rendered":"<p>Mitteilung der KESSLER Rechtsanwaltsgesellschaft mbH REFERENDARIN &amp; REFEREDAR (d\/w\/m) Wenn wir uns an unsere Referendariatszeit erinnern, war unsere Vorstellung\u2026 \u201e\u2026.ich suche eine fachlich herausfordernde, abwechslungsreiche und f\u00fcr mein Examen sinnvolle Ausbildungsstelle im Zivil- und Wirtschaftsrecht. Ich will nicht nur neben &hellip; <a href=\"http:\/\/referendarrat-sh.de\/?p=7690\">Weiterlesen <span class=\"meta-nav\">&rarr;<\/span><\/a><\/p>\n","protected":false},"author":1,"featured_media":0,"comment_status":"closed","ping_status":"closed","sticky":false,"template":"","format":"standard","meta":{"footnotes":""},"categories":[5,6,38],"tags":[],"class_list":["post-7690","post","type-post","status-publish","format-standard","hentry","category-externe-angebote-veranstaltungen-und-mitteilungen","category-stationsangebote","category-stellenanzeigen"],"_links":{"self":[{"href":"http:\/\/referendarrat-sh.de\/index.php?rest_route=\/wp\/v2\/posts\/7690","targetHints":{"allow":["GET"]}}],"collection":[{"href":"http:\/\/referendarrat-sh.de\/index.php?rest_route=\/wp\/v2\/posts"}],"about":[{"href":"http:\/\/referendarrat-sh.de\/index.php?rest_route=\/wp\/v2\/types\/post"}],"author":[{"embeddable":true,"href":"http:\/\/referendarrat-sh.de\/index.php?rest_route=\/wp\/v2\/users\/1"}],"replies":[{"embeddable":true,"href":"http:\/\/referendarrat-sh.de\/index.php?rest_route=%2Fwp%2Fv2%2Fcomments&post=7690"}],"version-history":[{"count":1,"href":"http:\/\/referendarrat-sh.de\/index.php?rest_route=\/wp\/v2\/posts\/7690\/revisions"}],"predecessor-version":[{"id":7692,"href":"http:\/\/referendarrat-sh.de\/index.php?rest_route=\/wp\/v2\/posts\/7690\/revisions\/7692"}],"wp:attachment":[{"href":"http:\/\/referendarrat-sh.de\/index.php?rest_route=%2Fwp%2Fv2%2Fmedia&parent=7690"}],"wp:term":[{"taxonomy":"category","embeddable":true,"href":"http:\/\/referendarrat-sh.de\/index.php?rest_route=%2Fwp%2Fv2%2Fcategories&post=7690"},{"taxonomy":"post_tag","embeddable":true,"href":"http:\/\/referendarrat-sh.de\/index.php?rest_route=%2Fwp%2Fv2%2Ftags&post=7690"}],"curies":[{"name":"wp","href":"https:\/\/api.w.org\/{rel}","templated":true}]}}