{"id":7568,"date":"2021-01-13T17:32:40","date_gmt":"2021-01-13T15:32:40","guid":{"rendered":"http:\/\/referendarrat-sh.de\/?p=7568"},"modified":"2021-01-13T17:32:42","modified_gmt":"2021-01-13T15:32:42","slug":"rechtsreferendar-m-w-d-fuer-kieler-anwaltsbuero-gesucht","status":"publish","type":"post","link":"http:\/\/referendarrat-sh.de\/?p=7568","title":{"rendered":"Rechtsreferendar m\/w\/d f\u00fcr Kieler Anwaltsb\u00fcro gesucht"},"content":{"rendered":"\n<p><em>Mitteilung der Rogacki &amp; Krell Rechtsanw\u00e4lte:<\/em><\/p>\n\n\n\n<div class=\"wp-block-group\"><div class=\"wp-block-group__inner-container is-layout-flow wp-block-group-is-layout-flow\">\n<div class=\"wp-block-group has-light-gray-background-color has-background\"><div class=\"wp-block-group__inner-container is-layout-flow wp-block-group-is-layout-flow\">\n<p>F\u00fcr unser Kieler B\u00fcro in fu\u00dfl\u00e4ufiger N\u00e4he zum Amts- und Landgericht Kiel suchen wir ab sofort tatkr\u00e4ftige Unterst\u00fctzung!<\/p>\n\n\n\n<p>Sie werden mit aktuellen und examensrelevanten juristischen\nThemen betraut sowie mit dem praktischen Alltag eines Rechtsanwalts vertraut\ngemacht. <\/p>\n\n\n\n<p>Zu Ihrer T\u00e4tigkeit z\u00e4hlt insbesondere das Erstellen von\nSchrifts\u00e4tzen, die juristische Recherche zu unseren F\u00e4llen, Mandantenpflege\nsowie B\u00fcroarbeit, wie Postbearbeitung. Wir zeigen Ihnen unser Handwerk von A\nbis Z!<\/p>\n\n\n\n<p>Was sie mitbringen m\u00fcssen:<\/p>\n\n\n\n<ul class=\"wp-block-list\"><li>Freundliches\nund selbstbewusstes Auftreten,<\/li><li>Gute\njuristische Kenntnisse,<\/li><li>Microsoft\nOffice- und Computerkenntnisse.<\/li><\/ul>\n\n\n\n<p>Ihrer Bewerbung sehen wir gerne per Post Rogacki &amp;\nKrell Rechtsanw\u00e4lte, Kirchhofallee 74, 24114 Kiel oder E-Mail krell@ihranwalt-online.de\nentgegen.<\/p>\n<\/div><\/div>\n<\/div><\/div>\n\n\n\n<div class=\"wp-block-file\"><a href=\"http:\/\/referendarrat-sh.de\/wp-content\/uploads\/2021\/01\/Stellenausschreibung-Referendarrat-SH.pdf\">Stellenausschreibung- Rogacki &amp; Krell Rechtsanw\u00e4lte <\/a><\/div>\n","protected":false},"excerpt":{"rendered":"<p>Mitteilung der Rogacki &amp; Krell Rechtsanw\u00e4lte: F\u00fcr unser Kieler B\u00fcro in fu\u00dfl\u00e4ufiger N\u00e4he zum Amts- und Landgericht Kiel suchen wir ab sofort tatkr\u00e4ftige Unterst\u00fctzung! Sie werden mit aktuellen und examensrelevanten juristischen Themen betraut sowie mit dem praktischen Alltag eines Rechtsanwalts &hellip; <a href=\"http:\/\/referendarrat-sh.de\/?p=7568\">Weiterlesen <span class=\"meta-nav\">&rarr;<\/span><\/a><\/p>\n","protected":false},"author":1,"featured_media":0,"comment_status":"closed","ping_status":"closed","sticky":false,"template":"","format":"standard","meta":{"footnotes":""},"categories":[5,38],"tags":[],"class_list":["post-7568","post","type-post","status-publish","format-standard","hentry","category-externe-angebote-veranstaltungen-und-mitteilungen","category-stellenanzeigen"],"_links":{"self":[{"href":"http:\/\/referendarrat-sh.de\/index.php?rest_route=\/wp\/v2\/posts\/7568","targetHints":{"allow":["GET"]}}],"collection":[{"href":"http:\/\/referendarrat-sh.de\/index.php?rest_route=\/wp\/v2\/posts"}],"about":[{"href":"http:\/\/referendarrat-sh.de\/index.php?rest_route=\/wp\/v2\/types\/post"}],"author":[{"embeddable":true,"href":"http:\/\/referendarrat-sh.de\/index.php?rest_route=\/wp\/v2\/users\/1"}],"replies":[{"embeddable":true,"href":"http:\/\/referendarrat-sh.de\/index.php?rest_route=%2Fwp%2Fv2%2Fcomments&post=7568"}],"version-history":[{"count":1,"href":"http:\/\/referendarrat-sh.de\/index.php?rest_route=\/wp\/v2\/posts\/7568\/revisions"}],"predecessor-version":[{"id":7570,"href":"http:\/\/referendarrat-sh.de\/index.php?rest_route=\/wp\/v2\/posts\/7568\/revisions\/7570"}],"wp:attachment":[{"href":"http:\/\/referendarrat-sh.de\/index.php?rest_route=%2Fwp%2Fv2%2Fmedia&parent=7568"}],"wp:term":[{"taxonomy":"category","embeddable":true,"href":"http:\/\/referendarrat-sh.de\/index.php?rest_route=%2Fwp%2Fv2%2Fcategories&post=7568"},{"taxonomy":"post_tag","embeddable":true,"href":"http:\/\/referendarrat-sh.de\/index.php?rest_route=%2Fwp%2Fv2%2Ftags&post=7568"}],"curies":[{"name":"wp","href":"https:\/\/api.w.org\/{rel}","templated":true}]}}