{"id":7421,"date":"2020-12-16T12:42:21","date_gmt":"2020-12-16T10:42:21","guid":{"rendered":"http:\/\/referendarrat-sh.de\/?p=7421"},"modified":"2020-12-16T12:42:22","modified_gmt":"2020-12-16T10:42:22","slug":"kurzinfo-fuer-die-referendare-in-luebeck","status":"publish","type":"post","link":"http:\/\/referendarrat-sh.de\/?p=7421","title":{"rendered":"Kurzinfo f\u00fcr die Referendare in L\u00fcbeck!"},"content":{"rendered":"\n<p><strong><em>Klausurenkurse L\u00fcbeck:<\/em><\/strong><\/p>\n\n\n\n<p class=\"has-text-align-center\">Die Besprechungen zum Kleinen und Gro\u00dfen Klausurenkurs in L\u00fcbeck am 17.12.2020 und am 07.01.2021 entfallen ersatzlos. Abgegebene Klausuren werden per Post zugeschickt.<\/p>\n\n\n\n<p class=\"has-text-align-center\">F\u00fcr weitere Informationen f\u00fcr die Klausurenkurse verweisen wir auf die Homepage des Landgerichts L\u00fcbeck.F\u00fcr die am 17.12.2020 auszugebende Klausur befinden sich f\u00fcr die Besprechung im Januar au\u00dferdem Hinweise auf dem Deckblatt der Klausur. <\/p>\n","protected":false},"excerpt":{"rendered":"<p>Klausurenkurse L\u00fcbeck: Die Besprechungen zum Kleinen und Gro\u00dfen Klausurenkurs in L\u00fcbeck am 17.12.2020 und am 07.01.2021 entfallen ersatzlos. Abgegebene Klausuren werden per Post zugeschickt. F\u00fcr weitere Informationen f\u00fcr die Klausurenkurse verweisen wir auf die Homepage des Landgerichts L\u00fcbeck.F\u00fcr die am &hellip; <a href=\"http:\/\/referendarrat-sh.de\/?p=7421\">Weiterlesen <span class=\"meta-nav\">&rarr;<\/span><\/a><\/p>\n","protected":false},"author":1,"featured_media":0,"comment_status":"closed","ping_status":"closed","sticky":false,"template":"","format":"standard","meta":{"footnotes":""},"categories":[5,39,40],"tags":[],"class_list":["post-7421","post","type-post","status-publish","format-standard","hentry","category-externe-angebote-veranstaltungen-und-mitteilungen","category-weitere-mitteilungen","category-covid-19"],"_links":{"self":[{"href":"http:\/\/referendarrat-sh.de\/index.php?rest_route=\/wp\/v2\/posts\/7421","targetHints":{"allow":["GET"]}}],"collection":[{"href":"http:\/\/referendarrat-sh.de\/index.php?rest_route=\/wp\/v2\/posts"}],"about":[{"href":"http:\/\/referendarrat-sh.de\/index.php?rest_route=\/wp\/v2\/types\/post"}],"author":[{"embeddable":true,"href":"http:\/\/referendarrat-sh.de\/index.php?rest_route=\/wp\/v2\/users\/1"}],"replies":[{"embeddable":true,"href":"http:\/\/referendarrat-sh.de\/index.php?rest_route=%2Fwp%2Fv2%2Fcomments&post=7421"}],"version-history":[{"count":1,"href":"http:\/\/referendarrat-sh.de\/index.php?rest_route=\/wp\/v2\/posts\/7421\/revisions"}],"predecessor-version":[{"id":7422,"href":"http:\/\/referendarrat-sh.de\/index.php?rest_route=\/wp\/v2\/posts\/7421\/revisions\/7422"}],"wp:attachment":[{"href":"http:\/\/referendarrat-sh.de\/index.php?rest_route=%2Fwp%2Fv2%2Fmedia&parent=7421"}],"wp:term":[{"taxonomy":"category","embeddable":true,"href":"http:\/\/referendarrat-sh.de\/index.php?rest_route=%2Fwp%2Fv2%2Fcategories&post=7421"},{"taxonomy":"post_tag","embeddable":true,"href":"http:\/\/referendarrat-sh.de\/index.php?rest_route=%2Fwp%2Fv2%2Ftags&post=7421"}],"curies":[{"name":"wp","href":"https:\/\/api.w.org\/{rel}","templated":true}]}}