{"id":7416,"date":"2020-12-15T15:58:15","date_gmt":"2020-12-15T13:58:15","guid":{"rendered":"http:\/\/referendarrat-sh.de\/?p=7416"},"modified":"2020-12-15T15:58:17","modified_gmt":"2020-12-15T13:58:17","slug":"fortbildung-fuer-referendarinnen-materielles-strafrecht-februar-2021","status":"publish","type":"post","link":"http:\/\/referendarrat-sh.de\/?p=7416","title":{"rendered":"Fortbildung f\u00fcr Referendar:innen Materielles Strafrecht Februar 2021"},"content":{"rendered":"\n<p><em>Mitteilung des OLG Schleswig:<\/em><\/p>\n\n\n\n<div class=\"wp-block-group has-background\" style=\"background-color:#d0edf9\"><div class=\"wp-block-group__inner-container is-layout-flow wp-block-group-is-layout-flow\">\n<p><strong>Termin:<\/strong><br>Montag, 22. Februar 2021<br>Dienstag, 23. Februar 2021<br>jeweils von 9.00 bis 12.00 und 13.00 bis 16.00 Uhr<\/p>\n\n\n\n<p><strong>Tagungsort:<\/strong><br>Au\u00dfenstelle der Staatsanwaltschaft Kiel<br>Knooper Weg 103<br>24116 Kiel<br>2. OG\/Raum 239<\/p>\n\n\n\n<p><strong>Zielgruppe<\/strong>:<br>Die Fortbildung richtet sich an Referendarinnen und Referendare des Landes Schleswig-Holstein, die Kenntnisl\u00fccken im materiellen Strafrecht schlie\u00dfen wollen.<\/p>\n\n\n\n<p><strong>Inhalte der Veranstaltung:<\/strong><br>Klausurrelevante Schwerpunkte des allgemeinen und besonderen Strafrechts im Assessorexamen<\/p>\n\n\n\n<ul class=\"wp-block-list\"><li>Nichtverm\u00f6gensdelikte<\/li><li>Verm\u00f6gensdelikte<\/li><li>Allgemeiner Teil<\/li><\/ul>\n\n\n\n<p>Referentin\/en:<br>Staatsanwalt Matthias Pfaff<br>Staatsanwalt Detmar Kofent<br>Staatsanw\u00e4ltin Meylin Pietzsch<br>Staatsanwalt (GrL) Dr. Martin Soyka<\/p>\n\n\n\n<p>\u2013 alle Staatsanwaltschaft Kiel \u2013<\/p>\n\n\n\n<p><strong>Teilnehmerzahl:<\/strong><br>Max. 15<br><\/p>\n\n\n\n<p><strong>Anmeldungen:<\/strong><br>Die Anmeldung erfolgt nur per Mail und unter&nbsp;Angabe des Einstellungsdatums&nbsp;an<\/p>\n\n\n\n<p><a href=\"mailto:olg-fortbildung@olg.landsh.de\">olg-fortbildung@olg.landsh.de<\/a><\/p>\n\n\n\n<p><strong>bis zum 08. Januar 2021<\/strong><\/p>\n\n\n\n<p>Die Pl\u00e4tze werden vorrangig nach Dienstalter, nachrangig nach Eingangsdatum der Anmeldung vergeben.<\/p>\n\n\n\n<p><strong>Hinweise:<\/strong><br>Teilnehmerinnen und Teilnehmer mit Behinderungen werden gebeten, etwaigen Hilfsbedarf mit der Anmeldung mitzuteilen, damit die notwendigen Vorkehrungen betroffen werden k\u00f6nnen.<br><strong>Kosten:<\/strong><br>Die Kosten der Veranstaltung werden \u00fcbernommen. Reisekosten werden nicht erstattet.<\/p>\n\n\n\n<p>Es wird darauf hingewiesen, dass Tagungsgetr\u00e4nke etc. im Tagungshaus nicht zur Verf\u00fcgung stehen.<\/p>\n\n\n\n<p><strong>Hinweis Covid19:<\/strong><br>Personen haben im gesamten Tagungsbereich einen Sicherheitsabstand von mindestens 1,5 m zueinander einzuhalten, und zwar sowohl in den Geb\u00e4uden als auch im Freien. Wo dieser Sicherheitsabstand von 1,5 m nicht eingehalten werden kann, gilt sowohl im Geb\u00e4ude als auch im Freien die Pflicht zum Tragen eines \u201eNasen- und Mundschutzes\u201c (Maske).<\/p>\n\n\n\n<p>In den Tagungsr\u00e4umen und sonstigen Aufenthaltsbereichen ist die M\u00f6blierung zur Wahrung des Mindestabstandes von 1,5 m angepasst; dieser Abstand darf nicht eigenm\u00e4chtig verringert werden.<\/p>\n\n\n\n<p>In den Tagungsh\u00e4usern werden Desinfektionsmittel vorgehalten und es gelten die dortigen Hygiene- und Abstandsvorschriften.<\/p>\n<\/div><\/div>\n\n\n\n<div class=\"wp-block-file\"><a href=\"http:\/\/referendarrat-sh.de\/wp-content\/uploads\/2020\/12\/Referendare_materielles-Strafrecht-22.-23.02.2021-Kiel.docx-1.pdf\">Einladung Materielles-Strafrecht-22.-23.02.2021-Kiel<\/a><\/div>\n","protected":false},"excerpt":{"rendered":"<p>Mitteilung des OLG Schleswig: Termin:Montag, 22. Februar 2021Dienstag, 23. Februar 2021jeweils von 9.00 bis 12.00 und 13.00 bis 16.00 Uhr Tagungsort:Au\u00dfenstelle der Staatsanwaltschaft KielKnooper Weg 10324116 Kiel2. OG\/Raum 239 Zielgruppe:Die Fortbildung richtet sich an Referendarinnen und Referendare des Landes Schleswig-Holstein, &hellip; <a href=\"http:\/\/referendarrat-sh.de\/?p=7416\">Weiterlesen <span class=\"meta-nav\">&rarr;<\/span><\/a><\/p>\n","protected":false},"author":1,"featured_media":0,"comment_status":"closed","ping_status":"closed","sticky":false,"template":"","format":"standard","meta":{"footnotes":""},"categories":[4,5,39],"tags":[],"class_list":["post-7416","post","type-post","status-publish","format-standard","hentry","category-besondere-ags","category-externe-angebote-veranstaltungen-und-mitteilungen","category-weitere-mitteilungen"],"_links":{"self":[{"href":"http:\/\/referendarrat-sh.de\/index.php?rest_route=\/wp\/v2\/posts\/7416","targetHints":{"allow":["GET"]}}],"collection":[{"href":"http:\/\/referendarrat-sh.de\/index.php?rest_route=\/wp\/v2\/posts"}],"about":[{"href":"http:\/\/referendarrat-sh.de\/index.php?rest_route=\/wp\/v2\/types\/post"}],"author":[{"embeddable":true,"href":"http:\/\/referendarrat-sh.de\/index.php?rest_route=\/wp\/v2\/users\/1"}],"replies":[{"embeddable":true,"href":"http:\/\/referendarrat-sh.de\/index.php?rest_route=%2Fwp%2Fv2%2Fcomments&post=7416"}],"version-history":[{"count":2,"href":"http:\/\/referendarrat-sh.de\/index.php?rest_route=\/wp\/v2\/posts\/7416\/revisions"}],"predecessor-version":[{"id":7420,"href":"http:\/\/referendarrat-sh.de\/index.php?rest_route=\/wp\/v2\/posts\/7416\/revisions\/7420"}],"wp:attachment":[{"href":"http:\/\/referendarrat-sh.de\/index.php?rest_route=%2Fwp%2Fv2%2Fmedia&parent=7416"}],"wp:term":[{"taxonomy":"category","embeddable":true,"href":"http:\/\/referendarrat-sh.de\/index.php?rest_route=%2Fwp%2Fv2%2Fcategories&post=7416"},{"taxonomy":"post_tag","embeddable":true,"href":"http:\/\/referendarrat-sh.de\/index.php?rest_route=%2Fwp%2Fv2%2Ftags&post=7416"}],"curies":[{"name":"wp","href":"https:\/\/api.w.org\/{rel}","templated":true}]}}