{"id":7413,"date":"2020-12-14T21:00:38","date_gmt":"2020-12-14T19:00:38","guid":{"rendered":"http:\/\/referendarrat-sh.de\/?p=7413"},"modified":"2020-12-14T21:00:40","modified_gmt":"2020-12-14T19:00:40","slug":"einschraenkungen-ab-dem-16-12-2020","status":"publish","type":"post","link":"http:\/\/referendarrat-sh.de\/?p=7413","title":{"rendered":"Einschr\u00e4nkungen ab dem 16.12.2020"},"content":{"rendered":"\n<p><em>Mitteilung des OLG Schleswig:<\/em><\/p>\n\n\n\n<div class=\"wp-block-group has-background\" style=\"background-color:#b7d9e7\"><div class=\"wp-block-group__inner-container is-layout-flow wp-block-group-is-layout-flow\">\n<p>Sehr geehrte Damen und Herren,<br>aufgrund der weiterhin steigenden Zahlen von Infektionen mit dem Coronavirus SARS-CoV-2 treten in dieser Woche weitere, zum Teil erheblich einschr\u00e4nkende Regelungen zur Verhinderung einer weiteren Ausbreitung des Virus in Kraft. Dem dynamischen Infektionsgeschehen ist auch durch die weitere Gestaltung der Referendarausbildung Rechnung zu tragen, sodass f\u00fcr einen \u00dcbergangszeitraum auch hier pers\u00f6nliche Kontakte in weiterem Umfang als bisher vermieden werden sollen.<\/p>\n\n\n\n<p>In Abstimmung mit dem Ministerium und im Auftrag der Pr\u00e4sidentin des Schleswig-Holsteinischen Oberlandesgerichts bitte ich daher, ab dem <strong><span style=\"text-decoration: underline;\">16. Dezember 2020<\/span><\/strong> um Beachtung folgender Grunds\u00e4tze f\u00fcr die Referendarausbildung:<\/p>\n\n\n\n<ul class=\"wp-block-list\"><li>Die <span style=\"text-decoration: underline;\"><strong>Einzelausbildung<\/strong><\/span> der Referendarinnen findet weiterhin statt. Bei der Ausbildung ist der pers\u00f6nliche Kontakt mit den Ausbilderinnen und anderen Mitarbeiter*innen der ausbildenden Stelle auf das <span style=\"text-decoration: underline;\"><strong>absolut notwendigste Minimum zu beschr\u00e4nken.<\/strong><\/span><\/li><li><span style=\"text-decoration: underline;\"><strong>Gruppenveranstaltungen<\/strong><\/span> (Einf\u00fchrungslehrg\u00e4nge, Arbeitsgemeinschaften, Klausurenkurse, Lehrg\u00e4nge im Rahmen des EVD, \u2026) finden vor\u00fcbergehend <span style=\"text-decoration: underline;\"><strong>nicht mehr als Pr\u00e4senzunterricht<\/strong><\/span> statt. Diese Veranstaltungen sollen im Rahmen des M\u00f6glichen durch den Einsatz entsprechender technischer Mittel als <span style=\"text-decoration: underline;\"><strong>Fernunterricht<\/strong><\/span> fortgef\u00fchrt werden.<\/li><\/ul>\n\n\n\n<p>Die Einzelheiten zur genauen Ausgestaltung der Ausbildung sind vor Ort unter Ber\u00fccksichtigung der individuellen Ressourcen und Gegebenheiten sowie der jeweiligen Lehrkonzepte der Ausbilder*innen zu regeln. Die L\u00e4nge des \u00dcbergangszeitraums kann leider nicht vorausgesagt werden. Ich hoffe aber, dass das Infektionsgeschehen alsbald im n\u00e4chsten Jahr wieder eine R\u00fcckkehr zur bislang ge\u00fcbten Praxis \u2013 und langfristig weitere Lockerungen \u2013 zul\u00e4sst. F\u00fcr Ihren Einsatz und Ihre Leistungsbereitschaft m\u00f6chte ich mich im Namen der gesamten Referendarabteilung und ausdr\u00fccklich auch im Namen der Pr\u00e4sidentin herzlich bedanken und w\u00fcnsche Ihnen ein friedliches Weihnachtsfest, und dass Sie gesund \u2013 und zuversichtlich \u2013 in das neue Jahr starten.<\/p>\n<\/div><\/div>\n\n\n\n<div class=\"wp-block-file\"><a href=\"http:\/\/referendarrat-sh.de\/wp-content\/uploads\/2020\/12\/2020_12_14-Anschreiben-an-Ref.pdf\">Anschreiben vom 14.12.2020<\/a><\/div>\n","protected":false},"excerpt":{"rendered":"<p>Mitteilung des OLG Schleswig: Sehr geehrte Damen und Herren,aufgrund der weiterhin steigenden Zahlen von Infektionen mit dem Coronavirus SARS-CoV-2 treten in dieser Woche weitere, zum Teil erheblich einschr\u00e4nkende Regelungen zur Verhinderung einer weiteren Ausbreitung des Virus in Kraft. Dem dynamischen &hellip; <a href=\"http:\/\/referendarrat-sh.de\/?p=7413\">Weiterlesen <span class=\"meta-nav\">&rarr;<\/span><\/a><\/p>\n","protected":false},"author":1,"featured_media":0,"comment_status":"closed","ping_status":"closed","sticky":false,"template":"","format":"standard","meta":{"footnotes":""},"categories":[5,39,40],"tags":[],"class_list":["post-7413","post","type-post","status-publish","format-standard","hentry","category-externe-angebote-veranstaltungen-und-mitteilungen","category-weitere-mitteilungen","category-covid-19"],"_links":{"self":[{"href":"http:\/\/referendarrat-sh.de\/index.php?rest_route=\/wp\/v2\/posts\/7413","targetHints":{"allow":["GET"]}}],"collection":[{"href":"http:\/\/referendarrat-sh.de\/index.php?rest_route=\/wp\/v2\/posts"}],"about":[{"href":"http:\/\/referendarrat-sh.de\/index.php?rest_route=\/wp\/v2\/types\/post"}],"author":[{"embeddable":true,"href":"http:\/\/referendarrat-sh.de\/index.php?rest_route=\/wp\/v2\/users\/1"}],"replies":[{"embeddable":true,"href":"http:\/\/referendarrat-sh.de\/index.php?rest_route=%2Fwp%2Fv2%2Fcomments&post=7413"}],"version-history":[{"count":1,"href":"http:\/\/referendarrat-sh.de\/index.php?rest_route=\/wp\/v2\/posts\/7413\/revisions"}],"predecessor-version":[{"id":7415,"href":"http:\/\/referendarrat-sh.de\/index.php?rest_route=\/wp\/v2\/posts\/7413\/revisions\/7415"}],"wp:attachment":[{"href":"http:\/\/referendarrat-sh.de\/index.php?rest_route=%2Fwp%2Fv2%2Fmedia&parent=7413"}],"wp:term":[{"taxonomy":"category","embeddable":true,"href":"http:\/\/referendarrat-sh.de\/index.php?rest_route=%2Fwp%2Fv2%2Fcategories&post=7413"},{"taxonomy":"post_tag","embeddable":true,"href":"http:\/\/referendarrat-sh.de\/index.php?rest_route=%2Fwp%2Fv2%2Ftags&post=7413"}],"curies":[{"name":"wp","href":"https:\/\/api.w.org\/{rel}","templated":true}]}}