{"id":7410,"date":"2020-12-11T19:11:20","date_gmt":"2020-12-11T17:11:20","guid":{"rendered":"http:\/\/referendarrat-sh.de\/?p=7410"},"modified":"2020-12-11T19:11:22","modified_gmt":"2020-12-11T17:11:22","slug":"aus-gegebenem-anlass","status":"publish","type":"post","link":"http:\/\/referendarrat-sh.de\/?p=7410","title":{"rendered":"Aus gegebenem Anlass !"},"content":{"rendered":"\n<p>Liebe Kolleginnen und Kollegen,<\/p>\n\n\n\n<p>wir m\u00f6chten euch darauf hinweisen, dass es bei pr\u00e4senten Veranstaltungen wichtig und <strong>Teil unserer Dienstpflicht ist, die geltenden Hygienema\u00dfnahmen und Abstandsregeln einzuhalten<\/strong>, damit wir uns alle gegenseitig vor einer Ansteckung mit dem Corona-Virus sch\u00fctzen.<\/p>\n\n\n\n<p>Sofern eine Pflicht zum <strong>Tragen einer Mund-Nasen-Bedeckung<\/strong> in den Pr\u00e4senzveranstaltungen angeordnet wurde und ihr nicht aus medizinischen Gr\u00fcnden davon befreit seid, m\u00f6chten wir euch eindringlich bitten, euch w\u00e4hrend der gesamten Veranstaltung daran zu halten. <br><strong>Ess- und Trinkpausen<\/strong>, die das Abnehmen der Maske f\u00fcr l\u00e4ngere Zeit notwendig machen, d\u00fcrfen nicht innerhalb der Geb\u00e4ude abgehalten werden, sondern m\u00fcssen <strong>nach drau\u00dfen verlegt <\/strong>werden. Auch in den Pausen muss der Mindestabstand eingehalten werden.<\/p>\n\n\n\n<p><em><strong>Nur wenn wir uns alle an diese Regeln halten, sind Pr\u00e4senzveranstaltungen weiterhin durchf\u00fchrbar!<\/strong><\/em><\/p>\n\n\n\n<p>Bleibt alle gesund!<\/p>\n","protected":false},"excerpt":{"rendered":"<p>Liebe Kolleginnen und Kollegen, wir m\u00f6chten euch darauf hinweisen, dass es bei pr\u00e4senten Veranstaltungen wichtig und Teil unserer Dienstpflicht ist, die geltenden Hygienema\u00dfnahmen und Abstandsregeln einzuhalten, damit wir uns alle gegenseitig vor einer Ansteckung mit dem Corona-Virus sch\u00fctzen. Sofern eine &hellip; <a href=\"http:\/\/referendarrat-sh.de\/?p=7410\">Weiterlesen <span class=\"meta-nav\">&rarr;<\/span><\/a><\/p>\n","protected":false},"author":1,"featured_media":0,"comment_status":"closed","ping_status":"closed","sticky":false,"template":"","format":"standard","meta":{"footnotes":""},"categories":[5,39,40],"tags":[],"class_list":["post-7410","post","type-post","status-publish","format-standard","hentry","category-externe-angebote-veranstaltungen-und-mitteilungen","category-weitere-mitteilungen","category-covid-19"],"_links":{"self":[{"href":"http:\/\/referendarrat-sh.de\/index.php?rest_route=\/wp\/v2\/posts\/7410","targetHints":{"allow":["GET"]}}],"collection":[{"href":"http:\/\/referendarrat-sh.de\/index.php?rest_route=\/wp\/v2\/posts"}],"about":[{"href":"http:\/\/referendarrat-sh.de\/index.php?rest_route=\/wp\/v2\/types\/post"}],"author":[{"embeddable":true,"href":"http:\/\/referendarrat-sh.de\/index.php?rest_route=\/wp\/v2\/users\/1"}],"replies":[{"embeddable":true,"href":"http:\/\/referendarrat-sh.de\/index.php?rest_route=%2Fwp%2Fv2%2Fcomments&post=7410"}],"version-history":[{"count":1,"href":"http:\/\/referendarrat-sh.de\/index.php?rest_route=\/wp\/v2\/posts\/7410\/revisions"}],"predecessor-version":[{"id":7411,"href":"http:\/\/referendarrat-sh.de\/index.php?rest_route=\/wp\/v2\/posts\/7410\/revisions\/7411"}],"wp:attachment":[{"href":"http:\/\/referendarrat-sh.de\/index.php?rest_route=%2Fwp%2Fv2%2Fmedia&parent=7410"}],"wp:term":[{"taxonomy":"category","embeddable":true,"href":"http:\/\/referendarrat-sh.de\/index.php?rest_route=%2Fwp%2Fv2%2Fcategories&post=7410"},{"taxonomy":"post_tag","embeddable":true,"href":"http:\/\/referendarrat-sh.de\/index.php?rest_route=%2Fwp%2Fv2%2Ftags&post=7410"}],"curies":[{"name":"wp","href":"https:\/\/api.w.org\/{rel}","templated":true}]}}