{"id":7389,"date":"2020-11-17T17:37:19","date_gmt":"2020-11-17T15:37:19","guid":{"rendered":"http:\/\/referendarrat-sh.de\/?p=7389"},"modified":"2020-11-17T17:37:20","modified_gmt":"2020-11-17T15:37:20","slug":"erfahrungsbericht-zur-rechtsanwaltsstation-in-der-sozietaet-jep-rechtsanwaelte-notare-in-flensburg-von-februar-2020-bis-oktober-2020","status":"publish","type":"post","link":"http:\/\/referendarrat-sh.de\/?p=7389","title":{"rendered":"Erfahrungsbericht zur Rechtsanwaltsstation in der Soziet\u00e4t JEP Rechtsanw\u00e4lte Notare in Flensburg von Februar 2020 bis Oktober 2020"},"content":{"rendered":"\n<p>Als Referendarin am Landgericht Flensburg entschied ich mich, auf vorrangegangenes Antraten, den Zeitraum der Ausbildung in der Anwaltsstation in der Soziet\u00e4t JEP Rechtsanw\u00e4lte Notare in Flensburg zu absolvieren.<\/p>\n\n\n\n<p><strong>Allgemeines<\/strong><br>Die Soziet\u00e4t wurde zu Beginn des Jahres 2019 unter anderem durch einen Teil der Partner der ehemaligen Soziet\u00e4t Jensen und Emmerich aus Flensburg gegr\u00fcndet. Gef\u00fchrt wird die Kanzlei durch die Herren Jan-Kai Jensen, Dr. Torsten Emmerich, Dr. Frank Markus D\u00f6ring, Dr. Stefan Mundt und Jan-Hendrik Thomsen. Neben den Partnern ist in der Soziet\u00e4t ebenfalls Frau Claudia Arndt als angestellte Rechtsanw\u00e4ltin t\u00e4tig.<\/p>\n\n\n\n<p><strong>Arbeit\/Ausbildung<\/strong><br>Als erste Referendarin am neuen Standort der Kanzlei konnte ich an einem gro\u00dfen Teil der anfallenden Arbeiten der Rechtsanw\u00e4lte und Notare teilhaben. Neben zahlreichen Mandantengespr\u00e4chen und Gerichtsterminen wurde es mir ebenfalls erm\u00f6glicht, die Anw\u00e4lte zu Au\u00dfenterminen zu begleiten. Hierdurch gew\u00e4hrte man mir Einblicke in die diversen Arbeitsbereiche eines Rechtsanwaltes. Um mir ein m\u00f6glichst gro\u00dfes Spektrum an juristischen T\u00e4tigkeiten aufzuzeigen, erfolgte meine Ausbildung in rotierender Zuteilung in die vorhandenen Dezernate der Kanzlei. So konnte ich mich im w\u00f6chentlichen Wechsel unter anderem mit Mandaten aus dem Bereich des privaten Baurechtes, des Mietrechtes, des Handels- und Gesellschaftsrechts, des Familien- und Erbrechtes sowie des Verkehrsunfallrechtes auseinandersetzen. Insbesondere ist dabei hervorzuheben, dass man mir bewusst im Hinblick auf das 2. juristische Staatsexamen die Bearbeitung von examensrelevanten Fall- und Fragestellungen zuteilte. Reine Rechercheaufgaben waren dabei nur ein geringer Teil meiner T\u00e4tigkeit, die sich im Wesentlichen auf das tats\u00e4chliche Anfertigen von Schrifts\u00e4tzen, Klagen sowie Klageerwiderungen, Berufungserwiderungen und Berufungseinlegungen fokussierte. Neben der allgemeinen Zuteilung von Akten und Aufgaben, wurden mir durch die Rechtsanw\u00e4lte auch F\u00e4lle zugewiesen, die sich an meinen pers\u00f6nlichen Interessen orientierten. Ich konnte mir so ein breites Feld der verschiedenen praktischen Ausfertigungsformen aneignen bzw. erarbeiten. Dies f\u00fcgte sich besonders positiv in meine Vorbereitung auf das schriftliche Staatsexamen ein, in der meines Erachtens regelm\u00e4\u00dfig der praktische Teil der Anfertigung von anwaltlichen Ausarbeitungen zu geringe Ber\u00fccksichtigung findet.<\/p>\n\n\n\n<p>Nach der Fertigstellung der einzelnen Ausarbeitungen erhielt ich stets ad\u00e4quate R\u00fcckmeldungen zur Ausfertigung mit n\u00fctzlichen Hinweisen und Anmerkungen der Anw\u00e4lte. Soweit ich Fragen zur Bearbeitung von Akten oder zu fallspezifische Problemstellungen hatte, trafen diese stets auf ein offenes Ohr und wurden durchweg schnell und flexibel beantwortet. Im Rahmen von Diskussionen und Er\u00f6rterungen war auch stets anwaltstaktisches Vorgehen Teil der Ausbildung.<\/p>\n\n\n\n<p><strong>Arbeitsumfeld und Atmosph\u00e4re<\/strong><br>Ausgestattet mit einem eigenen B\u00fcro und jeglichem Equipment, wurde f\u00fcr mich bereits eingangs ein angenehmes r\u00e4umliches Arbeitsumfeld geschaffen. Hierdurch f\u00fchlte ich mich sofort als Teil des Kanzleiteams. Diese Team-Atmosph\u00e4re wurde durch die gemeinsamen Fr\u00fchst\u00fcckspausen, an denen die gesamte Belegschaft regelm\u00e4\u00dfig teilnimmt, verst\u00e4rkt. W\u00e4hrend der gesamten Ausbildungszeit waren die Rechtsanw\u00e4lte und Angestellten der Kanzlei aufgeschlossen, freundlich und hilfsbereit. Die Arbeitsatmosph\u00e4re war hierbei durchgehend professionell und zielorientiert, ohne den Fokus f\u00fcr die Bed\u00fcrfnisse und W\u00fcnsche von mir als Referendarin zu verlieren.<\/p>\n\n\n\n<p><strong>Fazit<\/strong><br>Ich kann die Soziet\u00e4t JEP Rechtsanw\u00e4lte Notare als Ausbildungsstation sehr empfehlen. Die M\u00f6glichkeiten sich einzubringen, flexibel und selbst\u00e4ndig zu arbeiten, sowie die insbesondere examensrelevante Ausbildung stellen hierbei nur einen Bruchteil der Vorteile der Ausbildung in dieser Kanzlei dar. Denn auch das freundliche, pers\u00f6nliche und offene Arbeitsklima, welches man hier vorfindet, ist ein nicht zu untersch\u00e4tzender Faktor, der insbesondere wegen der Dauer der Station nicht<br>unerheblich ins Gewicht f\u00e4llt.<\/p>\n\n\n\n<p>Weitere Informationen zu der Kanzlei und den Bewerbungsm\u00f6glichkeiten erh\u00e4lt man unter:<br> <a href=\"https:\/\/www.jep.de\/\">https:\/\/www.jep.de\/<\/a><\/p>\n\n\n\n<p>(K. Herzog)<\/p>\n","protected":false},"excerpt":{"rendered":"<p>Als Referendarin am Landgericht Flensburg entschied ich mich, auf vorrangegangenes Antraten, den Zeitraum der Ausbildung in der Anwaltsstation in der Soziet\u00e4t JEP Rechtsanw\u00e4lte Notare in Flensburg zu absolvieren. AllgemeinesDie Soziet\u00e4t wurde zu Beginn des Jahres 2019 unter anderem durch einen &hellip; <a href=\"http:\/\/referendarrat-sh.de\/?p=7389\">Weiterlesen <span class=\"meta-nav\">&rarr;<\/span><\/a><\/p>\n","protected":false},"author":1,"featured_media":0,"comment_status":"closed","ping_status":"closed","sticky":false,"template":"","format":"standard","meta":{"footnotes":""},"categories":[8],"tags":[],"class_list":["post-7389","post","type-post","status-publish","format-standard","hentry","category-erfahrungsberichte"],"_links":{"self":[{"href":"http:\/\/referendarrat-sh.de\/index.php?rest_route=\/wp\/v2\/posts\/7389","targetHints":{"allow":["GET"]}}],"collection":[{"href":"http:\/\/referendarrat-sh.de\/index.php?rest_route=\/wp\/v2\/posts"}],"about":[{"href":"http:\/\/referendarrat-sh.de\/index.php?rest_route=\/wp\/v2\/types\/post"}],"author":[{"embeddable":true,"href":"http:\/\/referendarrat-sh.de\/index.php?rest_route=\/wp\/v2\/users\/1"}],"replies":[{"embeddable":true,"href":"http:\/\/referendarrat-sh.de\/index.php?rest_route=%2Fwp%2Fv2%2Fcomments&post=7389"}],"version-history":[{"count":1,"href":"http:\/\/referendarrat-sh.de\/index.php?rest_route=\/wp\/v2\/posts\/7389\/revisions"}],"predecessor-version":[{"id":7390,"href":"http:\/\/referendarrat-sh.de\/index.php?rest_route=\/wp\/v2\/posts\/7389\/revisions\/7390"}],"wp:attachment":[{"href":"http:\/\/referendarrat-sh.de\/index.php?rest_route=%2Fwp%2Fv2%2Fmedia&parent=7389"}],"wp:term":[{"taxonomy":"category","embeddable":true,"href":"http:\/\/referendarrat-sh.de\/index.php?rest_route=%2Fwp%2Fv2%2Fcategories&post=7389"},{"taxonomy":"post_tag","embeddable":true,"href":"http:\/\/referendarrat-sh.de\/index.php?rest_route=%2Fwp%2Fv2%2Ftags&post=7389"}],"curies":[{"name":"wp","href":"https:\/\/api.w.org\/{rel}","templated":true}]}}