{"id":7360,"date":"2020-10-30T09:20:19","date_gmt":"2020-10-30T07:20:19","guid":{"rendered":"http:\/\/referendarrat-sh.de\/?p=7360"},"modified":"2020-10-30T09:20:20","modified_gmt":"2020-10-30T07:20:20","slug":"zusatzausbildung-journalismus-und-recht","status":"publish","type":"post","link":"http:\/\/referendarrat-sh.de\/?p=7360","title":{"rendered":"Zusatzausbildung Journalismus und Recht"},"content":{"rendered":"\n<p><em>Mitteilung der WWU M\u00fcnster:<\/em><\/p>\n\n\n\n<div class=\"wp-block-group has-light-gray-background-color has-background\"><div class=\"wp-block-group__inner-container is-layout-flow wp-block-group-is-layout-flow\">\n<p>Nun schon zum einundzwanzigsten Mal veranstaltet die Zivilrechtliche Abteilung des Instituts f\u00fcr Informations-, Telekommunikations- und Medienrecht, Pr. Dr. Thomas Hoeren, an der Westf\u00e4lischen Wilhelms-Universit\u00e4t M\u00fcnster im Wintersemester 2020\/2021 die bundesweit einmalige Journalistenausbildung f\u00fcr Juristen.<\/p>\n\n\n\n<p>Jurastudenten und junge Juristen erlernen dabei die Grundtechniken des journalistischen Schreibens. Sprache und Rhetorik werden prasigerecht geschult. Speziell f\u00fcr die auch f\u00fcr Anw\u00e4lte und Richter praktisch relevante F\u00e4higkeit gelehrt, juristische Sachverhalte allgemeinverst\u00e4ndlich zu vermitteln und in die \u00d6ffentlichkeit zu transferieren. Fachredakteure renommierter Verlage, Print- und Funkmedien und Pressesprecher aus dem juristischen Bereich f\u00fchren in die jeweiligen Berufsfelder theoretisch und praktisch ein. 2021 wird die Zusatzausbildung u.a. vom WDR, der Axel-Springer-Akademie und dem Beck-Verlag unterst\u00fctzt. Die Teilnehmer erhalten so auch die M\u00f6glichkeit, wertvolle Kontakte zu kn\u00fcpfen.<\/p>\n\n\n\n<p>Die begehrte Zusatzausbildung findet von <strong> Montag, 08. M\u00e4rz 2021 bis Freitag 12, M\u00e4rz 2021 <\/strong>ganzt\u00e4gig statt. Bewerbungen werden ab sofort entgegengenommen. Bewerbungsschluss ist der <strong>17. Januar 2021<\/strong>.<\/p>\n\n\n\n<p><strong>Zielgruppe sind nicht nur Studenten der Rechtswissenschaft vor dem ersten Staatsexamen, sondern auch und vor allem Rechtsreferendare oder auch interessierte Volljuristen, die am Anfang ihrer Karriere stehen. Es sollen Teilnehmer aus dem gesamten Bundesgebiet erreicht werden. Eine Einschreibung an der WWU M\u00fcnster ist nicht erforderlich. Es wird ein Kostenbeitrag von 50,- Euro pro Teilnehmer erhoben.<\/strong><\/p>\n<\/div><\/div>\n\n\n\n<div class=\"wp-block-file\"><a href=\"http:\/\/referendarrat-sh.de\/wp-content\/uploads\/2020\/10\/20201020091447.pdf\">Zusatzausbildung Journalismus und Recht WWU M\u00fcnster<\/a><\/div>\n","protected":false},"excerpt":{"rendered":"<p>Mitteilung der WWU M\u00fcnster: Nun schon zum einundzwanzigsten Mal veranstaltet die Zivilrechtliche Abteilung des Instituts f\u00fcr Informations-, Telekommunikations- und Medienrecht, Pr. Dr. Thomas Hoeren, an der Westf\u00e4lischen Wilhelms-Universit\u00e4t M\u00fcnster im Wintersemester 2020\/2021 die bundesweit einmalige Journalistenausbildung f\u00fcr Juristen. Jurastudenten und &hellip; <a href=\"http:\/\/referendarrat-sh.de\/?p=7360\">Weiterlesen <span class=\"meta-nav\">&rarr;<\/span><\/a><\/p>\n","protected":false},"author":1,"featured_media":0,"comment_status":"closed","ping_status":"closed","sticky":false,"template":"","format":"standard","meta":{"footnotes":""},"categories":[4,5],"tags":[],"class_list":["post-7360","post","type-post","status-publish","format-standard","hentry","category-besondere-ags","category-externe-angebote-veranstaltungen-und-mitteilungen"],"_links":{"self":[{"href":"http:\/\/referendarrat-sh.de\/index.php?rest_route=\/wp\/v2\/posts\/7360","targetHints":{"allow":["GET"]}}],"collection":[{"href":"http:\/\/referendarrat-sh.de\/index.php?rest_route=\/wp\/v2\/posts"}],"about":[{"href":"http:\/\/referendarrat-sh.de\/index.php?rest_route=\/wp\/v2\/types\/post"}],"author":[{"embeddable":true,"href":"http:\/\/referendarrat-sh.de\/index.php?rest_route=\/wp\/v2\/users\/1"}],"replies":[{"embeddable":true,"href":"http:\/\/referendarrat-sh.de\/index.php?rest_route=%2Fwp%2Fv2%2Fcomments&post=7360"}],"version-history":[{"count":1,"href":"http:\/\/referendarrat-sh.de\/index.php?rest_route=\/wp\/v2\/posts\/7360\/revisions"}],"predecessor-version":[{"id":7363,"href":"http:\/\/referendarrat-sh.de\/index.php?rest_route=\/wp\/v2\/posts\/7360\/revisions\/7363"}],"wp:attachment":[{"href":"http:\/\/referendarrat-sh.de\/index.php?rest_route=%2Fwp%2Fv2%2Fmedia&parent=7360"}],"wp:term":[{"taxonomy":"category","embeddable":true,"href":"http:\/\/referendarrat-sh.de\/index.php?rest_route=%2Fwp%2Fv2%2Fcategories&post=7360"},{"taxonomy":"post_tag","embeddable":true,"href":"http:\/\/referendarrat-sh.de\/index.php?rest_route=%2Fwp%2Fv2%2Ftags&post=7360"}],"curies":[{"name":"wp","href":"https:\/\/api.w.org\/{rel}","templated":true}]}}