{"id":7309,"date":"2020-10-12T08:21:47","date_gmt":"2020-10-12T06:21:47","guid":{"rendered":"http:\/\/referendarrat-sh.de\/?p=7309"},"modified":"2020-10-12T08:21:48","modified_gmt":"2020-10-12T06:21:48","slug":"dav-forum-upgrade-fuer-die-juristinnen-ausbildung-jetzt-mitdiskutieren","status":"publish","type":"post","link":"http:\/\/referendarrat-sh.de\/?p=7309","title":{"rendered":"DAV-Forum: Upgrade f\u00fcr die Jurist*innen-Ausbildung? &#8211; Jetzt mitdiskutieren!"},"content":{"rendered":"\n<p><em>Mitteilung des Deutschen Anwaltverein:<\/em><\/p>\n\n\n\n<div class=\"wp-block-group has-light-gray-background-color has-background\"><div class=\"wp-block-group__inner-container is-layout-flow wp-block-group-is-layout-flow\">\n<p>Der Deutsche Anwaltverein (DAV) m\u00f6chte herausfinden, wie eine zeitgem\u00e4\u00dfe und zukunftsf\u00e4hige juristische Ausbildung aussehen muss \u2013 aus Sicht derer, die es betrifft:<\/p>\n\n\n\n<p>Studierende, Referendarinnen und Referendare sowie junge Volljuristinnen und Volljuristen sind&nbsp;<strong>ab sofort bis zum 25. Oktober 2020<\/strong>&nbsp;eingeladen, \u00fcber den ersten Entwurf eines Thesenpapiers mit Forderungen zur Reform der Jurist*innenausbildung zu diskutieren. Die Forderungen wurden auf Basis der Ergebnisse einer gro\u00dfen Online-Umfrage unter angehenden und bereits examinierten Jurist*innen entwickelt.<\/p>\n\n\n\n<p><strong>Hier geht\u00b4s zum&nbsp;<\/strong><a href=\"https:\/\/deref-web.de\/mail\/client\/1K1-oh8_rqM\/dereferrer\/?redirectUrl=https%3A%2F%2Fanwaltverein.de%2Fde%2Fder-dav%2Fdav-veranstaltungen%2Fdav-forum%2Fdav-forum-jurist-innenausbildung\" target=\"_blank\" rel=\"noreferrer noopener\"><strong>Entwurf der Thesen und zur Diskussion.&nbsp;<\/strong><\/a><br><br>Alle Kommentare werden gesammelt und von einer Arbeitsgruppe aus Studierenden sowie Referendarinnen und Referendaren ausgewertet. Das Thesenpapier wird anschlie\u00dfend noch einmal entsprechend \u00fcberarbeitet. Im Rahmen einer Abschlussveranstaltung am 6. November 2020 wird das Papier dann via Live-Stream vorgestellt und mit namhaften G\u00e4sten aus dem universit\u00e4ren Bereich, der Fachschaft, der Anwaltschaft und dem Pr\u00fcfungsamt diskutiert.<br><br><strong>SAVE THE DATE:&nbsp;<\/strong>Abschlussveranstaltung am&nbsp;<strong>6. November 2020 ab 10.00 Uhr<\/strong>&nbsp;als&nbsp;kostenfreier&nbsp;Live-Stream auf anwaltverein.de. Eine Anmeldung ist nicht erforderlich.&nbsp;&nbsp;<a href=\"https:\/\/deref-web.de\/mail\/client\/xhSKJFCVBhY\/dereferrer\/?redirectUrl=https%3A%2F%2Fanwaltverein.de%2Ffiles%2Fanwaltverein.de%2Fdownloads%2Fveranstaltungen%2Fforum-juristenausbildung%2F201008a-dav-programm-jurist-innen.pdf\" target=\"_blank\" rel=\"noreferrer noopener\">Das Programm der Veranstaltung findet Ihr hier.<\/a><br><br><strong>Machen Sie mit und gestalten Sie den politischen Meinungsbildungsprozess mit!<\/strong><\/p>\n\n\n\n<p>Bitte informieren Sie weitere Kolleginnen und Kollegen in Ihrer Arbeitsgemeinschaft. Hilfreich w\u00e4re auch eine Bewerbung \u00fcber Ihre social media Netzwerke. Je gr\u00f6\u00dfer die Beteiligung, desto aussagekr\u00e4ftiger wird der weitere Austausch.<\/p>\n\n\n\n<p>Herzlichen Dank f\u00fcr Ihre Unterst\u00fctzung!!<\/p>\n<\/div><\/div>\n","protected":false},"excerpt":{"rendered":"<p>Mitteilung des Deutschen Anwaltverein: Der Deutsche Anwaltverein (DAV) m\u00f6chte herausfinden, wie eine zeitgem\u00e4\u00dfe und zukunftsf\u00e4hige juristische Ausbildung aussehen muss \u2013 aus Sicht derer, die es betrifft: Studierende, Referendarinnen und Referendare sowie junge Volljuristinnen und Volljuristen sind&nbsp;ab sofort bis zum 25. &hellip; <a href=\"http:\/\/referendarrat-sh.de\/?p=7309\">Weiterlesen <span class=\"meta-nav\">&rarr;<\/span><\/a><\/p>\n","protected":false},"author":1,"featured_media":0,"comment_status":"closed","ping_status":"closed","sticky":false,"template":"","format":"standard","meta":{"footnotes":""},"categories":[5],"tags":[],"class_list":["post-7309","post","type-post","status-publish","format-standard","hentry","category-externe-angebote-veranstaltungen-und-mitteilungen"],"_links":{"self":[{"href":"http:\/\/referendarrat-sh.de\/index.php?rest_route=\/wp\/v2\/posts\/7309","targetHints":{"allow":["GET"]}}],"collection":[{"href":"http:\/\/referendarrat-sh.de\/index.php?rest_route=\/wp\/v2\/posts"}],"about":[{"href":"http:\/\/referendarrat-sh.de\/index.php?rest_route=\/wp\/v2\/types\/post"}],"author":[{"embeddable":true,"href":"http:\/\/referendarrat-sh.de\/index.php?rest_route=\/wp\/v2\/users\/1"}],"replies":[{"embeddable":true,"href":"http:\/\/referendarrat-sh.de\/index.php?rest_route=%2Fwp%2Fv2%2Fcomments&post=7309"}],"version-history":[{"count":1,"href":"http:\/\/referendarrat-sh.de\/index.php?rest_route=\/wp\/v2\/posts\/7309\/revisions"}],"predecessor-version":[{"id":7310,"href":"http:\/\/referendarrat-sh.de\/index.php?rest_route=\/wp\/v2\/posts\/7309\/revisions\/7310"}],"wp:attachment":[{"href":"http:\/\/referendarrat-sh.de\/index.php?rest_route=%2Fwp%2Fv2%2Fmedia&parent=7309"}],"wp:term":[{"taxonomy":"category","embeddable":true,"href":"http:\/\/referendarrat-sh.de\/index.php?rest_route=%2Fwp%2Fv2%2Fcategories&post=7309"},{"taxonomy":"post_tag","embeddable":true,"href":"http:\/\/referendarrat-sh.de\/index.php?rest_route=%2Fwp%2Fv2%2Ftags&post=7309"}],"curies":[{"name":"wp","href":"https:\/\/api.w.org\/{rel}","templated":true}]}}