{"id":7192,"date":"2020-08-19T18:44:05","date_gmt":"2020-08-19T16:44:05","guid":{"rendered":"http:\/\/referendarrat-sh.de\/?p=7192"},"modified":"2020-08-19T18:44:06","modified_gmt":"2020-08-19T16:44:06","slug":"infos-aus-dem-lg-bezirk-luebeck","status":"publish","type":"post","link":"http:\/\/referendarrat-sh.de\/?p=7192","title":{"rendered":"Infos aus dem LG-Bezirk L\u00fcbeck!"},"content":{"rendered":"\n<ol class=\"wp-block-list\"><li><strong> F\u00fcr die AG II (Zivilstation):<\/strong> Die f\u00fcr September vorgesehene Veranstaltung im Rahmen der AG II in Sehlendorf wird nicht stattfinden. In den dortigen R\u00e4umlichkeiten k\u00f6nnen die aufgrund der Corona-Pandemie einzuhaltenden Abst\u00e4nde nicht gewahrt werden. Der Stoff, der f\u00fcr die jeweiligen Wochenenden vorgesehen war, wird in den normalen AG-Stunden vermittelt werden, sodass euch durch den Ausfall der Wochenenden keine Nachteile entstehen werden.<br><\/li><li>Die derzeit nur online stattfindenden <strong>Klausurenkurse<\/strong> k\u00f6nnten <strong><span style=\"text-decoration: underline;\">voraussichtlich<\/span><\/strong> in entsprechend gro\u00dfen R\u00e4umlichkeiten <strong>ab September wieder pr\u00e4sent<\/strong> stattfinden. Ob und wann genau das der Fall sein wird, gibt das Landgericht noch bekannt, sobald derartige R\u00e4umlichkeiten in L\u00fcbeck gefunden worden sind. <br>Es wird dann auch bekannt gegeben, ob daneben weiterhin die M\u00f6glichkeit eines Online-Klausurenkurses bestehen wird, wof\u00fcr wir uns ausdr\u00fccklich ausgesprochen haben und auch weiter einsetzen werden.<\/li><\/ol>\n\n\n\n<p>Wir halten euch auf dem Laufenden und stehen euch f\u00fcr\nNachfragen jederzeit zur Verf\u00fcgung!<\/p>\n\n\n\n<p>Das Referat LG-Bezirk L\u00fcbeck<\/p>\n","protected":false},"excerpt":{"rendered":"<p>F\u00fcr die AG II (Zivilstation): Die f\u00fcr September vorgesehene Veranstaltung im Rahmen der AG II in Sehlendorf wird nicht stattfinden. In den dortigen R\u00e4umlichkeiten k\u00f6nnen die aufgrund der Corona-Pandemie einzuhaltenden Abst\u00e4nde nicht gewahrt werden. Der Stoff, der f\u00fcr die jeweiligen &hellip; <a href=\"http:\/\/referendarrat-sh.de\/?p=7192\">Weiterlesen <span class=\"meta-nav\">&rarr;<\/span><\/a><\/p>\n","protected":false},"author":1,"featured_media":0,"comment_status":"closed","ping_status":"closed","sticky":false,"template":"","format":"standard","meta":{"footnotes":""},"categories":[5,39],"tags":[],"class_list":["post-7192","post","type-post","status-publish","format-standard","hentry","category-externe-angebote-veranstaltungen-und-mitteilungen","category-weitere-mitteilungen"],"_links":{"self":[{"href":"http:\/\/referendarrat-sh.de\/index.php?rest_route=\/wp\/v2\/posts\/7192","targetHints":{"allow":["GET"]}}],"collection":[{"href":"http:\/\/referendarrat-sh.de\/index.php?rest_route=\/wp\/v2\/posts"}],"about":[{"href":"http:\/\/referendarrat-sh.de\/index.php?rest_route=\/wp\/v2\/types\/post"}],"author":[{"embeddable":true,"href":"http:\/\/referendarrat-sh.de\/index.php?rest_route=\/wp\/v2\/users\/1"}],"replies":[{"embeddable":true,"href":"http:\/\/referendarrat-sh.de\/index.php?rest_route=%2Fwp%2Fv2%2Fcomments&post=7192"}],"version-history":[{"count":1,"href":"http:\/\/referendarrat-sh.de\/index.php?rest_route=\/wp\/v2\/posts\/7192\/revisions"}],"predecessor-version":[{"id":7193,"href":"http:\/\/referendarrat-sh.de\/index.php?rest_route=\/wp\/v2\/posts\/7192\/revisions\/7193"}],"wp:attachment":[{"href":"http:\/\/referendarrat-sh.de\/index.php?rest_route=%2Fwp%2Fv2%2Fmedia&parent=7192"}],"wp:term":[{"taxonomy":"category","embeddable":true,"href":"http:\/\/referendarrat-sh.de\/index.php?rest_route=%2Fwp%2Fv2%2Fcategories&post=7192"},{"taxonomy":"post_tag","embeddable":true,"href":"http:\/\/referendarrat-sh.de\/index.php?rest_route=%2Fwp%2Fv2%2Ftags&post=7192"}],"curies":[{"name":"wp","href":"https:\/\/api.w.org\/{rel}","templated":true}]}}