{"id":7177,"date":"2020-08-16T18:10:51","date_gmt":"2020-08-16T16:10:51","guid":{"rendered":"http:\/\/referendarrat-sh.de\/?p=7177"},"modified":"2020-08-16T18:10:53","modified_gmt":"2020-08-16T16:10:53","slug":"rechtskundeunterricht-an-schulen-in-luebeck-durch-referendare","status":"publish","type":"post","link":"http:\/\/referendarrat-sh.de\/?p=7177","title":{"rendered":"Rechtskundeunterricht an Schulen in L\u00fcbeck durch Referendare"},"content":{"rendered":"\n<p><em>Mitteilung LG L\u00fcbeck:<\/em><\/p>\n\n\n\n<div class=\"wp-block-group has-light-gray-background-color has-background\"><div class=\"wp-block-group__inner-container is-layout-flow wp-block-group-is-layout-flow\">\n<p>Im Oktober 2019 wurde das Projekt Rechtskundeunterricht an Schulen in L\u00fcbeck ins Leben gerufen. Im Rahmen des durch die Dr. Carl-B\u00f6se-Stiftung finanzierten Projektes k\u00f6nnen Rechtsreferendare und -referendarinnen an Schulen in L\u00fcbeck \u201eRechtskunde\u201c unterrichten. <\/p>\n\n\n\n<p>Geplant sind eine\noder mehrere Doppelstunden pro Schulhalbjahr im Rahmen des Wirtschafts- und\nPolitikunterrichtes an der Geschwister-Prenski-Schule und an der Dorothea\nSchl\u00f6zer Schule in L\u00fcbeck. Der konkrete Unterrichtsinhalt soll von den\nunterrichtenden Referendarinnen und Referendaren nach Absprache mit den\nMitgliedern der Projektgruppe und den beteiligten Lehrer\/innen selbst\nerarbeitet werden. Es erfolgt eine Vorbereitung auf die Unterrichtseinheit\nzusammen mit einem Richter\/einer Richterin der Projektgruppe\n\u201eRechtskundeunterricht an Schulen\u201c. <\/p>\n\n\n\n<p>Es handelt sich\num eine Nebent\u00e4tigkeit, f\u00fcr die eine Verg\u00fctung gezahlt wird.<\/p>\n\n\n\n<p>Interessenten\nsind gebeten, eine kurze Bewerbung per E-Mail an <a href=\"mailto:Simone.Spranger@lg-luebeck.landsh.de\">Simone.Spranger@lg-luebeck.landsh.de<\/a>\nzu senden.<\/p>\n<\/div><\/div>\n","protected":false},"excerpt":{"rendered":"<p>Mitteilung LG L\u00fcbeck: Im Oktober 2019 wurde das Projekt Rechtskundeunterricht an Schulen in L\u00fcbeck ins Leben gerufen. Im Rahmen des durch die Dr. Carl-B\u00f6se-Stiftung finanzierten Projektes k\u00f6nnen Rechtsreferendare und -referendarinnen an Schulen in L\u00fcbeck \u201eRechtskunde\u201c unterrichten. Geplant sind eine oder &hellip; <a href=\"http:\/\/referendarrat-sh.de\/?p=7177\">Weiterlesen <span class=\"meta-nav\">&rarr;<\/span><\/a><\/p>\n","protected":false},"author":1,"featured_media":0,"comment_status":"closed","ping_status":"closed","sticky":false,"template":"","format":"standard","meta":{"footnotes":""},"categories":[5,39,38],"tags":[],"class_list":["post-7177","post","type-post","status-publish","format-standard","hentry","category-externe-angebote-veranstaltungen-und-mitteilungen","category-weitere-mitteilungen","category-stellenanzeigen"],"_links":{"self":[{"href":"http:\/\/referendarrat-sh.de\/index.php?rest_route=\/wp\/v2\/posts\/7177","targetHints":{"allow":["GET"]}}],"collection":[{"href":"http:\/\/referendarrat-sh.de\/index.php?rest_route=\/wp\/v2\/posts"}],"about":[{"href":"http:\/\/referendarrat-sh.de\/index.php?rest_route=\/wp\/v2\/types\/post"}],"author":[{"embeddable":true,"href":"http:\/\/referendarrat-sh.de\/index.php?rest_route=\/wp\/v2\/users\/1"}],"replies":[{"embeddable":true,"href":"http:\/\/referendarrat-sh.de\/index.php?rest_route=%2Fwp%2Fv2%2Fcomments&post=7177"}],"version-history":[{"count":1,"href":"http:\/\/referendarrat-sh.de\/index.php?rest_route=\/wp\/v2\/posts\/7177\/revisions"}],"predecessor-version":[{"id":7178,"href":"http:\/\/referendarrat-sh.de\/index.php?rest_route=\/wp\/v2\/posts\/7177\/revisions\/7178"}],"wp:attachment":[{"href":"http:\/\/referendarrat-sh.de\/index.php?rest_route=%2Fwp%2Fv2%2Fmedia&parent=7177"}],"wp:term":[{"taxonomy":"category","embeddable":true,"href":"http:\/\/referendarrat-sh.de\/index.php?rest_route=%2Fwp%2Fv2%2Fcategories&post=7177"},{"taxonomy":"post_tag","embeddable":true,"href":"http:\/\/referendarrat-sh.de\/index.php?rest_route=%2Fwp%2Fv2%2Ftags&post=7177"}],"curies":[{"name":"wp","href":"https:\/\/api.w.org\/{rel}","templated":true}]}}