{"id":7162,"date":"2020-08-15T11:56:46","date_gmt":"2020-08-15T09:56:46","guid":{"rendered":"http:\/\/referendarrat-sh.de\/?p=7162"},"modified":"2020-09-16T11:15:23","modified_gmt":"2020-09-16T09:15:23","slug":"einstellungskapazitaeten-im-oktober","status":"publish","type":"post","link":"http:\/\/referendarrat-sh.de\/?p=7162","title":{"rendered":"Einstellungskapazit\u00e4ten im Oktober"},"content":{"rendered":"\n<p><strong>Update 14.09.2020<\/strong>:<\/p>\n\n\n\n<p>Heute d\u00fcrfen wir bekannt geben, dass weitere 10 Referendarstellen seitens des Finanzministeriums freigegeben wurden. Insgesamt k\u00f6nnen nun also 30 Referendar:innen im Oktober 2020 &#8211; verteilt auf die Landgerichtsbezirke Kiel und Flensburg &#8211; eingestellt werden.<\/p>\n\n\n\n<p>Wir k\u00f6nnen bereits jetzt sagen, dass aufgrund der Nachfrage mehr Referendar:innen im Landgerichtsbezirk Kiel eingestellt werden, als in Flensburg.<\/p>\n\n\n\n<p>Leider sind dies im Vergleich &#8211; Corona bedingt &#8211; noch immer weniger Stellen als sonst; wir sind aber froh, dass von den 110 Bewerber:innen nun zumindest 30 Referendar:innen eingestellt werden k\u00f6nnen. <\/p>\n\n\n\n<hr class=\"wp-block-separator\"\/>\n\n\n\n<p>Wie bereits bef\u00fcrchtet, schl\u00e4gt sich die derzeitige Lage um die COVID-19 Infektion auch auf das Referendariat in Schleswig-Holstein durch.<\/p>\n\n\n\n<p class=\"has-text-align-center\"> <strong>Aufgrund der Verschiebung der April Klausuren in den Juni konnten weniger Referendare das Referendariat erfolgreich abschlie\u00dfen. Dies f\u00fchrt dazu, dass weniger freie Referendarstellen zur Verf\u00fcgung stehen.<\/strong><\/p>\n\n\n\n<p class=\"has-text-align-left\">Tats\u00e4chlich ist es so, dass f\u00fcr den Einstellungstermin im Oktober lediglich 3 regul\u00e4re Referendarstellen zu vergeben waren. Das Oberlandesgericht sowie das Justizministerium haben sich darum bem\u00fcht, zus\u00e4tzliche Stellen per Eilantrag bei dem Finanzministerium bewilligt zu bekommen. Innerhalb k\u00fcrzester Zeit konnten so weitere 15 Stellen freigegeben werden. <\/p>\n\n\n\n<p class=\"has-text-align-left\">Wie bef\u00fcrchtet, ist die Einstellungszahl im Vergleich zur Norm geringer, jedoch k\u00f6nnen nun i<strong>nsgesamt 18 Referendare zum Einstellungstermin im Oktober auf die Pl\u00e4tze bei den Landgerichtsbezirken Flensburg und Kiel verteilt werden.<\/strong> Wie die Pl\u00e4tze dabei auf die jeweiligen Landgerichtsbezirke verteilt werden, ist uns derweilen nicht bekannt. <\/p>\n\n\n\n<p class=\"has-text-align-left\">Da aktuell die Staatsexamina geschrieben werden k\u00f6nnen und die m\u00fcndlichen Pr\u00fcfungen regul\u00e4r stattfinden, gehen wir derzeit vorsichtig davon aus, dass sich die Einstellungszahlen in den n\u00e4chsten Durchg\u00e4ngen normalisieren werden. Die weiteren Entwicklungen bleiben jedoch abzuwarten.<\/p>\n\n\n\n<p>Wir werden euch umgehend informieren, sobald uns weitere Informationen vorliegen.<\/p>\n\n\n\n<p>Euer Referendarrat <\/p>\n\n\n\n<p><strong>Erg\u00e4nzung vom 17.08.2020: <\/strong>Uns wurde mitgeteilt, dass sich durch zwei weitere Abg\u00e4nge die Zahl auf 20 Pl\u00e4tze erh\u00f6ht hat! Wir hoffen, dass weitere solche positiven Entwicklungen eintreten werden und somit der Einstellungssatz doch nicht so gering ausfallen wird, wie wir am Anfang bef\u00fcrchten mussten. Es bleibt jedoch weiterhin bei einer verringerten Zahl der Pl\u00e4tze im Vergleich zu den vorherigen Jahren!<\/p>\n","protected":false},"excerpt":{"rendered":"<p>Update 14.09.2020: Heute d\u00fcrfen wir bekannt geben, dass weitere 10 Referendarstellen seitens des Finanzministeriums freigegeben wurden. Insgesamt k\u00f6nnen nun also 30 Referendar:innen im Oktober 2020 &#8211; verteilt auf die Landgerichtsbezirke Kiel und Flensburg &#8211; eingestellt werden. Wir k\u00f6nnen bereits jetzt &hellip; <a href=\"http:\/\/referendarrat-sh.de\/?p=7162\">Weiterlesen <span class=\"meta-nav\">&rarr;<\/span><\/a><\/p>\n","protected":false},"author":1,"featured_media":0,"comment_status":"closed","ping_status":"closed","sticky":false,"template":"","format":"standard","meta":{"footnotes":""},"categories":[5,39,40],"tags":[],"class_list":["post-7162","post","type-post","status-publish","format-standard","hentry","category-externe-angebote-veranstaltungen-und-mitteilungen","category-weitere-mitteilungen","category-covid-19"],"_links":{"self":[{"href":"http:\/\/referendarrat-sh.de\/index.php?rest_route=\/wp\/v2\/posts\/7162","targetHints":{"allow":["GET"]}}],"collection":[{"href":"http:\/\/referendarrat-sh.de\/index.php?rest_route=\/wp\/v2\/posts"}],"about":[{"href":"http:\/\/referendarrat-sh.de\/index.php?rest_route=\/wp\/v2\/types\/post"}],"author":[{"embeddable":true,"href":"http:\/\/referendarrat-sh.de\/index.php?rest_route=\/wp\/v2\/users\/1"}],"replies":[{"embeddable":true,"href":"http:\/\/referendarrat-sh.de\/index.php?rest_route=%2Fwp%2Fv2%2Fcomments&post=7162"}],"version-history":[{"count":5,"href":"http:\/\/referendarrat-sh.de\/index.php?rest_route=\/wp\/v2\/posts\/7162\/revisions"}],"predecessor-version":[{"id":7257,"href":"http:\/\/referendarrat-sh.de\/index.php?rest_route=\/wp\/v2\/posts\/7162\/revisions\/7257"}],"wp:attachment":[{"href":"http:\/\/referendarrat-sh.de\/index.php?rest_route=%2Fwp%2Fv2%2Fmedia&parent=7162"}],"wp:term":[{"taxonomy":"category","embeddable":true,"href":"http:\/\/referendarrat-sh.de\/index.php?rest_route=%2Fwp%2Fv2%2Fcategories&post=7162"},{"taxonomy":"post_tag","embeddable":true,"href":"http:\/\/referendarrat-sh.de\/index.php?rest_route=%2Fwp%2Fv2%2Ftags&post=7162"}],"curies":[{"name":"wp","href":"https:\/\/api.w.org\/{rel}","templated":true}]}}