{"id":6876,"date":"2020-05-04T10:41:48","date_gmt":"2020-05-04T08:41:48","guid":{"rendered":"http:\/\/referendarrat-sh.de\/?p=6876"},"modified":"2020-05-04T10:41:49","modified_gmt":"2020-05-04T08:41:49","slug":"stellenangebot-spd-fraktion-bremen","status":"publish","type":"post","link":"http:\/\/referendarrat-sh.de\/?p=6876","title":{"rendered":"Stellenangebot: SPD Fraktion Bremen"},"content":{"rendered":"\n<p>Die SPD-B\u00fcrgerschaftsfraktion\u00a0sucht zum n\u00e4chstm\u00f6glichen Termin eine*n\u00a0<\/p>\n\n\n\n<p><strong>Volljurist*in (m\/w\/d)<\/strong>in Vollzeit<\/p>\n\n\n\n<div class=\"wp-block-file\"><a href=\"http:\/\/referendarrat-sh.de\/wp-content\/uploads\/2020\/05\/Volljurist_SPD_Fraktion_Bremen-1.pdf\">Volljurist_SPD_Fraktion_Bremen-1<\/a><a href=\"http:\/\/referendarrat-sh.de\/wp-content\/uploads\/2020\/05\/Volljurist_SPD_Fraktion_Bremen-1.pdf\" class=\"wp-block-file__button\" download>Herunterladen<\/a><\/div>\n\n\n\n<p>Wenn Sie sich f\u00fcr diese interessante und ausgesprochen vielseitige T\u00e4tigkeit interessieren, senden Sie bitte Ihre vollst\u00e4ndigen Bewerbungsunterlagen bis zum <strong>31. Mai 2020 <\/strong>bei der SPD-B\u00fcrgerschaftsfraktion Land Bremen, Frau Marieke Meinhart, bitte ausschlie\u00dflich per E-Mail:<a href=\"m.meinhart@spd-bremen.de\"> <strong>m.meinhart@spd-bremen.de\u00a0<\/strong><\/a><\/p>\n","protected":false},"excerpt":{"rendered":"<p>Die SPD-B\u00fcrgerschaftsfraktion\u00a0sucht zum n\u00e4chstm\u00f6glichen Termin eine*n\u00a0 Volljurist*in (m\/w\/d)in Vollzeit Wenn Sie sich f\u00fcr diese interessante und ausgesprochen vielseitige T\u00e4tigkeit interessieren, senden Sie bitte Ihre vollst\u00e4ndigen Bewerbungsunterlagen bis zum 31. Mai 2020 bei der SPD-B\u00fcrgerschaftsfraktion Land Bremen, Frau Marieke Meinhart, bitte &hellip; <a href=\"http:\/\/referendarrat-sh.de\/?p=6876\">Weiterlesen <span class=\"meta-nav\">&rarr;<\/span><\/a><\/p>\n","protected":false},"author":1,"featured_media":0,"comment_status":"closed","ping_status":"closed","sticky":false,"template":"","format":"standard","meta":{"footnotes":""},"categories":[6,38],"tags":[],"class_list":["post-6876","post","type-post","status-publish","format-standard","hentry","category-stationsangebote","category-stellenanzeigen"],"_links":{"self":[{"href":"http:\/\/referendarrat-sh.de\/index.php?rest_route=\/wp\/v2\/posts\/6876","targetHints":{"allow":["GET"]}}],"collection":[{"href":"http:\/\/referendarrat-sh.de\/index.php?rest_route=\/wp\/v2\/posts"}],"about":[{"href":"http:\/\/referendarrat-sh.de\/index.php?rest_route=\/wp\/v2\/types\/post"}],"author":[{"embeddable":true,"href":"http:\/\/referendarrat-sh.de\/index.php?rest_route=\/wp\/v2\/users\/1"}],"replies":[{"embeddable":true,"href":"http:\/\/referendarrat-sh.de\/index.php?rest_route=%2Fwp%2Fv2%2Fcomments&post=6876"}],"version-history":[{"count":1,"href":"http:\/\/referendarrat-sh.de\/index.php?rest_route=\/wp\/v2\/posts\/6876\/revisions"}],"predecessor-version":[{"id":6879,"href":"http:\/\/referendarrat-sh.de\/index.php?rest_route=\/wp\/v2\/posts\/6876\/revisions\/6879"}],"wp:attachment":[{"href":"http:\/\/referendarrat-sh.de\/index.php?rest_route=%2Fwp%2Fv2%2Fmedia&parent=6876"}],"wp:term":[{"taxonomy":"category","embeddable":true,"href":"http:\/\/referendarrat-sh.de\/index.php?rest_route=%2Fwp%2Fv2%2Fcategories&post=6876"},{"taxonomy":"post_tag","embeddable":true,"href":"http:\/\/referendarrat-sh.de\/index.php?rest_route=%2Fwp%2Fv2%2Ftags&post=6876"}],"curies":[{"name":"wp","href":"https:\/\/api.w.org\/{rel}","templated":true}]}}