{"id":6861,"date":"2020-04-18T12:12:45","date_gmt":"2020-04-18T10:12:45","guid":{"rendered":"http:\/\/referendarrat-sh.de\/?p=6861"},"modified":"2020-06-15T21:04:08","modified_gmt":"2020-06-15T19:04:08","slug":"nachtrag-amtsarztpflicht-im-juni-2020","status":"publish","type":"post","link":"http:\/\/referendarrat-sh.de\/?p=6861","title":{"rendered":"Nachtrag Amtsarztpflicht im Juni 2020"},"content":{"rendered":"\n<p>GPA <\/p>\n\n\n\n<p>Nachtrag vom 16. April 2020:<\/p>\n\n\n\n<p>Die Amtsarztpflicht wird nicht generell aufgehoben. Das GPA m\u00f6chte verhindern, dass sich Kandidaten mit Erk\u00e4ltungssymptomen zum Amtsarzt&nbsp; bem\u00fchen m\u00fcssen, wenn bereits ein Hausarzt sich gutachterlich ge\u00e4u\u00dfert hat.<br>Im Ergebnis bedeutet dies, dass das GPA in Zeiten von Corona auf die&nbsp; Vorlage amts\u00e4rztlicher Bescheinigungen verzichtet, aber einen schl\u00fcssigen Nachweis der Erkrankung ben\u00f6tigt. Der kann auch (ggf. nachtr\u00e4glich, dann aber zeitnah) durch einen Haus-\/Facharzt&nbsp; erfolgen.&nbsp;<\/p>\n\n\n\n<p><\/p>\n","protected":false},"excerpt":{"rendered":"<p>GPA Nachtrag vom 16. April 2020: Die Amtsarztpflicht wird nicht generell aufgehoben. Das GPA m\u00f6chte verhindern, dass sich Kandidaten mit Erk\u00e4ltungssymptomen zum Amtsarzt&nbsp; bem\u00fchen m\u00fcssen, wenn bereits ein Hausarzt sich gutachterlich ge\u00e4u\u00dfert hat.Im Ergebnis bedeutet dies, dass das GPA in &hellip; <a href=\"http:\/\/referendarrat-sh.de\/?p=6861\">Weiterlesen <span class=\"meta-nav\">&rarr;<\/span><\/a><\/p>\n","protected":false},"author":1,"featured_media":0,"comment_status":"closed","ping_status":"closed","sticky":false,"template":"","format":"standard","meta":{"footnotes":""},"categories":[5,40],"tags":[],"class_list":["post-6861","post","type-post","status-publish","format-standard","hentry","category-externe-angebote-veranstaltungen-und-mitteilungen","category-covid-19"],"_links":{"self":[{"href":"http:\/\/referendarrat-sh.de\/index.php?rest_route=\/wp\/v2\/posts\/6861","targetHints":{"allow":["GET"]}}],"collection":[{"href":"http:\/\/referendarrat-sh.de\/index.php?rest_route=\/wp\/v2\/posts"}],"about":[{"href":"http:\/\/referendarrat-sh.de\/index.php?rest_route=\/wp\/v2\/types\/post"}],"author":[{"embeddable":true,"href":"http:\/\/referendarrat-sh.de\/index.php?rest_route=\/wp\/v2\/users\/1"}],"replies":[{"embeddable":true,"href":"http:\/\/referendarrat-sh.de\/index.php?rest_route=%2Fwp%2Fv2%2Fcomments&post=6861"}],"version-history":[{"count":1,"href":"http:\/\/referendarrat-sh.de\/index.php?rest_route=\/wp\/v2\/posts\/6861\/revisions"}],"predecessor-version":[{"id":6862,"href":"http:\/\/referendarrat-sh.de\/index.php?rest_route=\/wp\/v2\/posts\/6861\/revisions\/6862"}],"wp:attachment":[{"href":"http:\/\/referendarrat-sh.de\/index.php?rest_route=%2Fwp%2Fv2%2Fmedia&parent=6861"}],"wp:term":[{"taxonomy":"category","embeddable":true,"href":"http:\/\/referendarrat-sh.de\/index.php?rest_route=%2Fwp%2Fv2%2Fcategories&post=6861"},{"taxonomy":"post_tag","embeddable":true,"href":"http:\/\/referendarrat-sh.de\/index.php?rest_route=%2Fwp%2Fv2%2Ftags&post=6861"}],"curies":[{"name":"wp","href":"https:\/\/api.w.org\/{rel}","templated":true}]}}