{"id":6688,"date":"2020-03-24T16:15:09","date_gmt":"2020-03-24T14:15:09","guid":{"rendered":"http:\/\/referendarrat-sh.de\/?p=6688"},"modified":"2020-03-24T16:15:09","modified_gmt":"2020-03-24T14:15:09","slug":"anordnung-reiserueckkehrer-quarantaene","status":"publish","type":"post","link":"http:\/\/referendarrat-sh.de\/?p=6688","title":{"rendered":"Anordnung: Reiser\u00fcckkehrer Quarant\u00e4ne"},"content":{"rendered":"<p>Schleswig, den 24.03.2020<\/p>\n<p>Sehr geehrte Referendarinnen, sehr geehrte Referendare,<span class=\"Apple-converted-space\">\u00a0<\/span><\/p>\n<p>im Hinblick auf das neuartige Coronavirus sind erneut weitere Schutzma\u00dfnahmen angeordnet worden. Ich verweise dazu auf den nachstehenden Text aus einer aktuellen Anordnung der Staatskanzlei:<span class=\"Apple-converted-space\">\u00a0<\/span><\/p>\n<p>Aus gegebenem Anlass bitte ich ab sofort dringend zu beachten, dass nunmehr <b>alle Reiser\u00fcckkehrer <\/b>(\u2026) zun\u00e4chst eine 14t\u00e4gige Quarant\u00e4ne in selbstauferlegter, h\u00e4uslicher Isolation zu gew\u00e4hrleisten haben und nicht die Dienststellen aufsuchen bzw. in pers\u00f6nlichen Kontakt zu Kolleginnen und Kollegen der Landesverwaltung treten. Es findet dementsprechend keine Differenzierung mehr statt, ob das Reiseland eine Einstufung als Risikogebiet oder besonders betroffenes Gebiet erhalten hat oder nicht. Die Dauer dieser Ma\u00dfnahme bestimme ich auf die in der bisherigen Erlasslage genannte Frist des 19. April 2020.<span class=\"Apple-converted-space\">\u00a0<\/span><\/p>\n<p>Es wird um strikte Beachtung gebeten. Bitte setzen Sie sie sich mit ihrer Ausbildungsstelle in Verbindung.<span class=\"Apple-converted-space\">\u00a0<\/span><\/p>\n<p>Mit freundlichen Gr\u00fc\u00dfen<span class=\"Apple-converted-space\"><br \/>\n<\/span>im Auftrag<span class=\"Apple-converted-space\"><br \/>\n<\/span>Dr. Felix H\u00fctte<span class=\"Apple-converted-space\">\u00a0<\/span><\/p>\n<p><a href=\"http:\/\/referendarrat-sh.de\/wp-content\/uploads\/2020\/03\/2020_03_24-Anschreiben-an-Ref.pdf\">2020_03_24 Anschreiben an Ref<\/a><\/p>\n","protected":false},"excerpt":{"rendered":"<p>Schleswig, den 24.03.2020 Sehr geehrte Referendarinnen, sehr geehrte Referendare,\u00a0 im Hinblick auf das neuartige Coronavirus sind erneut weitere Schutzma\u00dfnahmen angeordnet worden. Ich verweise dazu auf den nachstehenden Text aus einer aktuellen Anordnung der Staatskanzlei:\u00a0 Aus gegebenem Anlass bitte ich ab &hellip; <a href=\"http:\/\/referendarrat-sh.de\/?p=6688\">Weiterlesen <span class=\"meta-nav\">&rarr;<\/span><\/a><\/p>\n","protected":false},"author":1,"featured_media":0,"comment_status":"closed","ping_status":"closed","sticky":false,"template":"","format":"standard","meta":{"footnotes":""},"categories":[39],"tags":[],"class_list":["post-6688","post","type-post","status-publish","format-standard","hentry","category-weitere-mitteilungen"],"_links":{"self":[{"href":"http:\/\/referendarrat-sh.de\/index.php?rest_route=\/wp\/v2\/posts\/6688","targetHints":{"allow":["GET"]}}],"collection":[{"href":"http:\/\/referendarrat-sh.de\/index.php?rest_route=\/wp\/v2\/posts"}],"about":[{"href":"http:\/\/referendarrat-sh.de\/index.php?rest_route=\/wp\/v2\/types\/post"}],"author":[{"embeddable":true,"href":"http:\/\/referendarrat-sh.de\/index.php?rest_route=\/wp\/v2\/users\/1"}],"replies":[{"embeddable":true,"href":"http:\/\/referendarrat-sh.de\/index.php?rest_route=%2Fwp%2Fv2%2Fcomments&post=6688"}],"version-history":[{"count":1,"href":"http:\/\/referendarrat-sh.de\/index.php?rest_route=\/wp\/v2\/posts\/6688\/revisions"}],"predecessor-version":[{"id":6690,"href":"http:\/\/referendarrat-sh.de\/index.php?rest_route=\/wp\/v2\/posts\/6688\/revisions\/6690"}],"wp:attachment":[{"href":"http:\/\/referendarrat-sh.de\/index.php?rest_route=%2Fwp%2Fv2%2Fmedia&parent=6688"}],"wp:term":[{"taxonomy":"category","embeddable":true,"href":"http:\/\/referendarrat-sh.de\/index.php?rest_route=%2Fwp%2Fv2%2Fcategories&post=6688"},{"taxonomy":"post_tag","embeddable":true,"href":"http:\/\/referendarrat-sh.de\/index.php?rest_route=%2Fwp%2Fv2%2Ftags&post=6688"}],"curies":[{"name":"wp","href":"https:\/\/api.w.org\/{rel}","templated":true}]}}